{"id":130,"date":"2011-09-04T17:29:24","date_gmt":"2011-09-04T17:29:24","guid":{"rendered":"https:\/\/hermannlei.ch\/?p=130"},"modified":"2011-09-04T17:29:24","modified_gmt":"2011-09-04T17:29:24","slug":"linke-gewalt-und-linke-protektion-2","status":"publish","type":"post","link":"https:\/\/hermannlei.ch\/?p=130","title":{"rendered":"Linke Gewalt und linke Protektion"},"content":{"rendered":"<div style=\"padding-bottom:20px; padding-top:10px;\" class=\"hupso-share-buttons\"><!-- Hupso Share Buttons - https:\/\/www.hupso.com\/share\/ --><a class=\"hupso_toolbar\" href=\"https:\/\/www.hupso.com\/share\/\"><img decoding=\"async\" src=\"https:\/\/static.hupso.com\/share\/buttons\/lang\/de\/share-small.png\" style=\"border:0px; padding-top: 5px; float:left;\" alt=\"Share Button\"\/><\/a><script type=\"text\/javascript\">var hupso_services_t=new Array(\"Twitter\",\"Facebook\",\"Google Plus\",\"Pinterest\",\"Linkedin\",\"Digg\",\"Bebo\",\"Delicious\",\"Print\");var hupso_background_t=\"#EAF4FF\";var hupso_border_t=\"#66CCFF\";var hupso_toolbar_size_t=\"small\";var hupso_image_folder_url = \"\";var hupso_url_t=\"\";var hupso_title_t=\"Linke%20Gewalt%20und%20linke%20Protektion\";<\/script><script type=\"text\/javascript\" src=\"https:\/\/static.hupso.com\/share\/js\/share_toolbar.js\"><\/script><!-- Hupso Share Buttons --><\/div><p><strong><span style=\"text-decoration: underline;\">Wie linke Gewaltt\u00e4ter salonf\u00e4hig werden<\/span><\/strong><\/p>\n<p><span style=\"text-decoration: underline;\"> <\/span><\/p>\n<p><strong>Im letzten Jahr ist es gem\u00e4ss einer Liste des SVP-Sekretariats bereits zu \u00fcber f\u00fcnfzehn Anschl\u00e4gen, Angriffen, St\u00f6rungen oder Sachbesch\u00e4digungen von linken Kriminellen gekommen. Fenster wurden eingeschlagen, Autos demoliert, Privath\u00e4user von Nationalr\u00e4ten wie Natalie Rickli, J\u00fcrg Stahl oder Ulrich Schl\u00fcer teilweise massiv besch\u00e4digt. Eine H\u00e4ufung der Taten beobachtet man im Raum Z\u00fcrich und Winterthur, wo k\u00fcrzlich, wie auf inoffiziellem Weg in Erfahrung gebracht werden konnte, zwei Brandanschl\u00e4ge auf Milit\u00e4rfahrzeuge ver\u00fcbt wurden. Die T\u00e4ter aber werden protegiert.<\/strong><\/p>\n<p>Albisg\u00fcetli, 21. Januar 2011: Links-Autonome verpr\u00fcgeln Nationalrat Fehr. Schlagen ihn mit F\u00e4usten nieder, treten ihm mit Springerstiefeln ins Gesicht. Die \u00ablockere, schwarze Horde\u00bb, so Fehr, habe sich auf ihn gest\u00fcrzt und ihn in den Kopf und den Nacken geschlagen. Und als er am Boden lag, h\u00e4tten sie ihn \u00abmit Schuhen traktiert\u00bb. An den Tagen danach fiel es den Medien schwer, den brutalen \u00dcberfall auf den SVP-Nationalrat zu verurteilen. Die Zeitungen sprachen von einem \u00abZwischenfall\u00bb (Tages-Anzeiger) oder verharmlosten die Attacke in einer Kurzmeldung (NZZ am Sonntag). Radio 1 vom zuk\u00fcnftigen Schweizer-Fernsehen-Talkmaster Roger Schawinski unterstellte Fehr sogar, aus dem \u00dcbergriff \u00abpolitisches Kapital\u00bb schlagen zu wollen.<\/p>\n<p><strong>Pistole gegen Fehr?<\/strong><\/p>\n<p>Die linksextreme Szene erh\u00e4lt durch solche mediale R\u00fcckendeckung Auftrieb. Auf dem einschl\u00e4gigen Forum \u00abindymedia.org\u00bb prahlen Linksextremisten mit ihrer Tat: \u00abFehr haben wir das F\u00fcrchten gelehrt (&#8230;) und gehofft, dass er dies nicht \u00fcberlebt\u00bb, schreibt ein \u00abRevolution\u00e4rer Aufbau Schweiz\u00bb. Auch von einer Pistole ist die Rede, die auf den Kopf des Nationalrats gerichtet gewesen sei. Daneben steht: \u00abLeider dr\u00fcckte die Sch\u00fctzin aber zu sp\u00e4t ab.\u00bb Der <a href=\"https:\/\/www.aufbau.org\/\">\u00abRevolution\u00e4re Aufbau Schweiz\u00bb<\/a> distanzierte sich sp\u00e4ter von diesem Eintrag auf der Website. Allerdings nur halbherzig: \u201eZwischendurch verirrte sich der SVP-Politiker Hans Fehr auf die falsche Seite der Barrikaden und erhielt eine Abreibung.\u201c, wird der Nationalrat verh\u00f6hnt. Auch der Kommandant der Stadtpolizei Z\u00fcrich, Philipp Hotzenk\u00f6cherle, eigentlich verantwortlich daf\u00fcr, dass unsere Strassen sicher sind, ortet die Schuld bei Fehr: \u00abEs w\u00e4re zumutbar gewesen, dass Nationalrat Fehr die 117 angerufen oder sich bei einem Polizisten erkundigt h\u00e4tte, ob es sicher sei, dort durchzulaufen. Jeder Polizist h\u00e4tte ihm abgeraten.\u00bb<\/p>\n<p><strong>Linke Gewaltfreude<\/strong><\/p>\n<p>Solche Umkehrung aller Werte hat System: Der Lausanner Polizeidirektor Marc Vuilleumier (Partei der Arbeit) erkl\u00e4rte im letzten Herbst einen Angriff auf das SVP-Parteisekretariat als \u00abTeil der Stigmatisierungs-Politik der SVP\u00bb. Und in Z\u00fcrich war der gr\u00fcne Polizeivorsteher Daniel Leupi nach der Krawallnacht im Nachgang zur Ausschaffungsinitiative in die Kritik geraten, weil er laut SVP-Nationalrat Christoph M\u00f6rgeli zu seinen Polizisten gesagt haben soll, er w\u00fcrde \u00ablieber auf der anderen Seite\u00bb des Umzugs stehen. Linke Gewalt ist damit wegen der heimlichen Bewunderung durch die politische Klasse salonf\u00e4hig geworden und breitet sich von den Grossst\u00e4dten in die Agglomerationen aus. Zum Beispiel in den Kanton Aarau, wo zwei linksautonome Schweizer mehrere Autos in Brand gesetzt haben. Opfer linker Gewalt wurden in Aarau ein SVP-Einwohnerrat und der SVP-Pr\u00e4sident der Stadt Aarau. Die Kriminellen stammen aus gutem Hause. Einer der T\u00e4ter war Nationalratskandidat der Juso!<\/p>\n<p><strong>Brandanschlag<\/strong><\/p>\n<p>Am 17.11.2010 ging bei der Einsatzzentrale der Milit\u00e4rpolizei Region 4 die Meldung ein, dass Unbekannte versucht h\u00e4tten, in der vorherigen Nacht einen Duro in Brand zu setzen. Dieser Duro wurde durch die Logistikbasis der Armee zu einem fr\u00fcheren Zeitpunkt der Autogarage WIRAG AG zur Reparatur abgegeben. Eine Patrouille der MP begab sich nach Eingang der Meldung an den Ereignisort. Der Fall wurde der Stadtpolizei Winterthur \u00fcbergeben, da von einer zivilen T\u00e4terschaft ausgegangen werden musste. Am 14.01.2011 sodann meldete die Kapo Z\u00fcrich der EZ MP Reg 4, dass ein Duro ausgebrannt ist. Die Kapo Z\u00fcrich liess verlauten, sie h\u00e4tte die Spurensicherung abgeschlossen und man k\u00f6nne eine Brandstiftung nicht ausschliessen. Um die Ermittlungen auszuweiten hat die Kapo ZH die Ei MP Reg 4 gebeten, weitere m\u00f6gliche Brandstiftungen \/ Brandstiftungsversuche im Raum Z\u00fcrich abzukl\u00e4ren. Ob der \u201eBrandanschlag&#8220; gegen die Armee gerichtet war, ist Gegenstand der Abkl\u00e4rungen.<\/p>\n<p><strong>Protektion<\/strong><\/p>\n<p>Ob hinter den Anschl\u00e4gen auch Nationalratskandidaten der Jungsozialisten stecken, ist unklar. Viel zu bef\u00fcrchten haben linke Gewaltt\u00e4ter indes nicht.\u00a0 Denn die politische F\u00fchrung der linksregierten St\u00e4dte ist \u00abauf dem linken Auge blind\u00bb. \u00abWenn sich irgendwo ein Gr\u00fcppchen Neonazis bildet, l\u00f6sen wir dieses sofort auf und nehmen die Personalien auf. Den linken Extremisten hingegen wird immer eine gewisse Schadenssumme auf Vorrat zugesprochen\u00bb, \u00e4usserte sich ein Stadtpolizist aus Z\u00fcrich in der \u201eWeltwoche\u201c. Linke Gewalt geniesst eben linke Protektion.<\/p>\n<p>Hermann Lei<\/p>\n","protected":false},"excerpt":{"rendered":"<div style=\"padding-bottom:20px; padding-top:10px;\" class=\"hupso-share-buttons\"><!-- Hupso Share Buttons - https:\/\/www.hupso.com\/share\/ --><a class=\"hupso_toolbar\" href=\"https:\/\/www.hupso.com\/share\/\"><img src=\"https:\/\/static.hupso.com\/share\/buttons\/lang\/de\/share-small.png\" style=\"border:0px; padding-top: 5px; float:left;\" alt=\"Share Button\"\/><\/a><script type=\"text\/javascript\">var hupso_services_t=new Array(\"Twitter\",\"Facebook\",\"Google Plus\",\"Pinterest\",\"Linkedin\",\"Digg\",\"Bebo\",\"Delicious\",\"Print\");var hupso_background_t=\"#EAF4FF\";var hupso_border_t=\"#66CCFF\";var hupso_toolbar_size_t=\"small\";var hupso_image_folder_url = \"\";var hupso_url_t=\"\";var hupso_title_t=\"Linke%20Gewalt%20und%20linke%20Protektion\";<\/script><script type=\"text\/javascript\" src=\"https:\/\/static.hupso.com\/share\/js\/share_toolbar.js\"><\/script><!-- Hupso Share Buttons --><\/div><p>Wie linke Gewaltt\u00e4ter salonf\u00e4hig werden Im letzten Jahr ist es gem\u00e4ss einer Liste des SVP-Sekretariats bereits zu \u00fcber f\u00fcnfzehn Anschl\u00e4gen, Angriffen, St\u00f6rungen oder Sachbesch\u00e4digungen von linken Kriminellen gekommen. Fenster wurden eingeschlagen, Autos demoliert, Privath\u00e4user von Nationalr\u00e4ten wie Natalie Rickli, J\u00fcrg &hellip; <a href=\"https:\/\/hermannlei.ch\/?p=130\">Weiterlesen <span class=\"meta-nav\">&rarr;<\/span><\/a><\/p>\n","protected":false},"author":2,"featured_media":0,"comment_status":"open","ping_status":"open","sticky":false,"template":"","format":"standard","meta":{"footnotes":""},"categories":[],"tags":[],"class_list":["post-130","post","type-post","status-publish","format-standard","hentry"],"_links":{"self":[{"href":"https:\/\/hermannlei.ch\/index.php?rest_route=\/wp\/v2\/posts\/130","targetHints":{"allow":["GET"]}}],"collection":[{"href":"https:\/\/hermannlei.ch\/index.php?rest_route=\/wp\/v2\/posts"}],"about":[{"href":"https:\/\/hermannlei.ch\/index.php?rest_route=\/wp\/v2\/types\/post"}],"author":[{"embeddable":true,"href":"https:\/\/hermannlei.ch\/index.php?rest_route=\/wp\/v2\/users\/2"}],"replies":[{"embeddable":true,"href":"https:\/\/hermannlei.ch\/index.php?rest_route=%2Fwp%2Fv2%2Fcomments&post=130"}],"version-history":[{"count":3,"href":"https:\/\/hermannlei.ch\/index.php?rest_route=\/wp\/v2\/posts\/130\/revisions"}],"predecessor-version":[{"id":135,"href":"https:\/\/hermannlei.ch\/index.php?rest_route=\/wp\/v2\/posts\/130\/revisions\/135"}],"wp:attachment":[{"href":"https:\/\/hermannlei.ch\/index.php?rest_route=%2Fwp%2Fv2%2Fmedia&parent=130"}],"wp:term":[{"taxonomy":"category","embeddable":true,"href":"https:\/\/hermannlei.ch\/index.php?rest_route=%2Fwp%2Fv2%2Fcategories&post=130"},{"taxonomy":"post_tag","embeddable":true,"href":"https:\/\/hermannlei.ch\/index.php?rest_route=%2Fwp%2Fv2%2Ftags&post=130"}],"curies":[{"name":"wp","href":"https:\/\/api.w.org\/{rel}","templated":true}]}}