{"id":19,"date":"2011-01-13T13:32:54","date_gmt":"2011-01-13T13:32:54","guid":{"rendered":"https:\/\/hermannlei.ch\/?p=19"},"modified":"2011-01-13T13:33:00","modified_gmt":"2011-01-13T13:33:00","slug":"erfolg-mit-elterninitiative","status":"publish","type":"post","link":"https:\/\/hermannlei.ch\/?p=19","title":{"rendered":"Erfolg mit Elterninitiative"},"content":{"rendered":"<div style=\"padding-bottom:20px; padding-top:10px;\" class=\"hupso-share-buttons\"><!-- Hupso Share Buttons - https:\/\/www.hupso.com\/share\/ --><a class=\"hupso_toolbar\" href=\"https:\/\/www.hupso.com\/share\/\"><img decoding=\"async\" src=\"https:\/\/static.hupso.com\/share\/buttons\/lang\/de\/share-small.png\" style=\"border:0px; padding-top: 5px; float:left;\" alt=\"Share Button\"\/><\/a><script type=\"text\/javascript\">var hupso_services_t=new Array(\"Twitter\",\"Facebook\",\"Google Plus\",\"Pinterest\",\"Linkedin\",\"Digg\",\"Bebo\",\"Delicious\",\"Print\");var hupso_background_t=\"#EAF4FF\";var hupso_border_t=\"#66CCFF\";var hupso_toolbar_size_t=\"small\";var hupso_image_folder_url = \"\";var hupso_url_t=\"\";var hupso_title_t=\"Erfolg%20mit%20Elterninitiative\";<\/script><script type=\"text\/javascript\" src=\"https:\/\/static.hupso.com\/share\/js\/share_toolbar.js\"><\/script><!-- Hupso Share Buttons --><\/div><p>Die Elterninitiative kommt nicht vors Volk. Franziskus Graber, Kopr\u00e4sident des Komitees, gab am Freitag den R\u00fcckzug des Begehrens bekannt. Der Schritt kam nicht \u00fcberraschend, da der Grosse Rat in seiner letzten Sitzung das Anliegen der Initianten weitgehend umgesetzt hat. Neu k\u00f6nnen Eltern ihre Kinder auch erst mit f\u00fcnf Jahren in den Kindergarten schicken, statt schon mit vier. Sie m\u00fcssen dies den Schulbeh\u00f6rden vorher aber mitteilen. Die Mitteilung war in der Initiative nicht vorgesehen. Dadurch k\u00f6nnten aber planerische Probleme f\u00fcr die Beh\u00f6rden vermieden werden, sagte ges\u00adtern SVP-Kantonsrat Hermann Lei. Das Komitee k\u00f6nne die Initiative mit gutem Gewissen zur\u00fcckziehen. Die Initianten bleiben aber aktiv.(&#8230;) TZ<\/p>\n","protected":false},"excerpt":{"rendered":"<div style=\"padding-bottom:20px; padding-top:10px;\" class=\"hupso-share-buttons\"><!-- Hupso Share Buttons - https:\/\/www.hupso.com\/share\/ --><a class=\"hupso_toolbar\" href=\"https:\/\/www.hupso.com\/share\/\"><img src=\"https:\/\/static.hupso.com\/share\/buttons\/lang\/de\/share-small.png\" style=\"border:0px; padding-top: 5px; float:left;\" alt=\"Share Button\"\/><\/a><script type=\"text\/javascript\">var hupso_services_t=new Array(\"Twitter\",\"Facebook\",\"Google Plus\",\"Pinterest\",\"Linkedin\",\"Digg\",\"Bebo\",\"Delicious\",\"Print\");var hupso_background_t=\"#EAF4FF\";var hupso_border_t=\"#66CCFF\";var hupso_toolbar_size_t=\"small\";var hupso_image_folder_url = \"\";var hupso_url_t=\"\";var hupso_title_t=\"Erfolg%20mit%20Elterninitiative\";<\/script><script type=\"text\/javascript\" src=\"https:\/\/static.hupso.com\/share\/js\/share_toolbar.js\"><\/script><!-- Hupso Share Buttons --><\/div><p>Die Elterninitiative kommt nicht vors Volk. Franziskus Graber, Kopr\u00e4sident des Komitees, gab am Freitag den R\u00fcckzug des Begehrens bekannt. Der Schritt kam nicht \u00fcberraschend, da der Grosse Rat in seiner letzten Sitzung das Anliegen der Initianten weitgehend umgesetzt hat. Neu &hellip; <a href=\"https:\/\/hermannlei.ch\/?p=19\">Weiterlesen <span class=\"meta-nav\">&rarr;<\/span><\/a><\/p>\n","protected":false},"author":2,"featured_media":0,"comment_status":"open","ping_status":"open","sticky":false,"template":"","format":"standard","meta":{"footnotes":""},"categories":[],"tags":[],"class_list":["post-19","post","type-post","status-publish","format-standard","hentry"],"_links":{"self":[{"href":"https:\/\/hermannlei.ch\/index.php?rest_route=\/wp\/v2\/posts\/19","targetHints":{"allow":["GET"]}}],"collection":[{"href":"https:\/\/hermannlei.ch\/index.php?rest_route=\/wp\/v2\/posts"}],"about":[{"href":"https:\/\/hermannlei.ch\/index.php?rest_route=\/wp\/v2\/types\/post"}],"author":[{"embeddable":true,"href":"https:\/\/hermannlei.ch\/index.php?rest_route=\/wp\/v2\/users\/2"}],"replies":[{"embeddable":true,"href":"https:\/\/hermannlei.ch\/index.php?rest_route=%2Fwp%2Fv2%2Fcomments&post=19"}],"version-history":[{"count":3,"href":"https:\/\/hermannlei.ch\/index.php?rest_route=\/wp\/v2\/posts\/19\/revisions"}],"predecessor-version":[{"id":36,"href":"https:\/\/hermannlei.ch\/index.php?rest_route=\/wp\/v2\/posts\/19\/revisions\/36"}],"wp:attachment":[{"href":"https:\/\/hermannlei.ch\/index.php?rest_route=%2Fwp%2Fv2%2Fmedia&parent=19"}],"wp:term":[{"taxonomy":"category","embeddable":true,"href":"https:\/\/hermannlei.ch\/index.php?rest_route=%2Fwp%2Fv2%2Fcategories&post=19"},{"taxonomy":"post_tag","embeddable":true,"href":"https:\/\/hermannlei.ch\/index.php?rest_route=%2Fwp%2Fv2%2Ftags&post=19"}],"curies":[{"name":"wp","href":"https:\/\/api.w.org\/{rel}","templated":true}]}}