{"id":195,"date":"2012-04-22T05:52:12","date_gmt":"2012-04-22T05:52:12","guid":{"rendered":"https:\/\/hermannlei.ch\/?p=195"},"modified":"2012-04-22T05:52:12","modified_gmt":"2012-04-22T05:52:12","slug":"16-4-2012-interview-mit-der-tz-ich-durfte-keine-vortrage-halten","status":"publish","type":"post","link":"https:\/\/hermannlei.ch\/?p=195","title":{"rendered":"16.4.2012 Interview mit der TZ: &#8222;Ich durfte keine Vortr\u00e4ge halten&#8220;"},"content":{"rendered":"<div style=\"padding-bottom:20px; padding-top:10px;\" class=\"hupso-share-buttons\"><!-- Hupso Share Buttons - https:\/\/www.hupso.com\/share\/ --><a class=\"hupso_toolbar\" href=\"https:\/\/www.hupso.com\/share\/\"><img decoding=\"async\" src=\"https:\/\/static.hupso.com\/share\/buttons\/lang\/de\/share-small.png\" style=\"border:0px; padding-top: 5px; float:left;\" alt=\"Share Button\"\/><\/a><script type=\"text\/javascript\">var hupso_services_t=new Array(\"Twitter\",\"Facebook\",\"Google Plus\",\"Pinterest\",\"Linkedin\",\"Digg\",\"Bebo\",\"Delicious\",\"Print\");var hupso_background_t=\"#EAF4FF\";var hupso_border_t=\"#66CCFF\";var hupso_toolbar_size_t=\"small\";var hupso_image_folder_url = \"\";var hupso_url_t=\"\";var hupso_title_t=\"16.4.2012%20Interview%20mit%20der%20TZ%3A%20%22Ich%20durfte%20keine%20Vortr%C3%A4ge%20halten%22\";<\/script><script type=\"text\/javascript\" src=\"https:\/\/static.hupso.com\/share\/js\/share_toolbar.js\"><\/script><!-- Hupso Share Buttons --><\/div><p>Hermann Lei ist erleichtert. Wegen seiner Rolle im Fall Hildebrand hatte er nicht damit gerechnet, die Wiederwahl in den Grossen Rat zu schaffen. Sein Wahlergebnis wertet er nun als Best\u00e4tigung f\u00fcr sein Handeln. \u00abAber auch als Best\u00e4tigung f\u00fcr meine sonstige politische Arbeit\u00bb, sagt Lei.<\/p>\n<p>Herr Lei, Sie waren gestern nicht im Wahlzentrum. F\u00fcrchteten Sie sich vor dem Wahlergebnis?<\/p>\n<p>Hermann Lei: Ich\u00a0bin in den Ferien. Ein Kollege hat mir deshalb mein Wahlergebnis telefonisch mitgeteilt.<\/p>\n<p>Wie haben Sie reagiert?<\/p>\n<p>Lei: Ich habe mich sehr gefreut. Ich hatte nicht damit gerechnet, wiedergew\u00e4hlt zu werden.<\/p>\n<p>Hatten Sie in Ihrem Wahlkampf so viele negative Reaktionen?<\/p>\n<p>Lei: \u00dcberhaupt nicht. Aber wenn w\u00e4hrend drei Monaten eine schweizweite Kampagne gegen einen einzelnen Kantonsrat gef\u00fchrt wird, mit L\u00fcgen und Unterstellungen, und dazu die Partei auch noch schlecht abschneidet, dann ist die Wiederwahl keineswegs sicher, eben eher \u00fcberraschend.<\/p>\n<p>Ihr Ergebnis fiel knapp aus. Ist das vielleicht doch ein Denkzettel?<\/p>\n<p>Lei: Unter den erw\u00e4hnten Umst\u00e4nden ist auch ein knappes Ergebnis ein sehr gutes Ergebnis.<\/p>\n<p>Werten Sie das Ergebnis als Best\u00e4tigung f\u00fcr Ihr Handeln im Fall des zur\u00fcckgetretenen Nationalbankpr\u00e4sidenten Philipp Hildebrand?<\/p>\n<p>Lei: Es ist eine Best\u00e4tigung f\u00fcr meine bisherige Politik und auch f\u00fcr meine Rolle im Fall Hildebrand. Ich habe mitaufgedeckt, dass der Nationalbankpr\u00e4sident ein Spekulant war, der sich selber bereicherte. Das haben unsere W\u00e4hler gemerkt und honoriert.<\/p>\n<p>Die SVP Thurgau hat aber zehn Sitze verloren. Tragen Sie daran schuld?<\/p>\n<p>Lei: Nein, daf\u00fcr gibt es andere Gr\u00fcnde, wie die neue Bezirkseinteilung. Ich habe meiner Partei nicht geschadet, das ist nun eindeutig. Ansonsten w\u00e4re ich abgew\u00e4hlt worden.<\/p>\n<p>Sie haben 4233 W\u00e4hlerinnen und W\u00e4hler hinter sich gebracht. Das bedeutet nicht, dass sich andere W\u00e4hler nicht genau wegen Ihrer Rolle im Fall Hildebrand von der SVP abgewandt haben.<\/p>\n<p>Lei: Dann h\u00e4tte ich das als erster bei meinem Wahlergebnis zu sp\u00fcren bekommen. Davon bin ich \u00fcberzeugt. Ich denke sogar, die SVP Thurgau h\u00e4tte offensiver kommunizieren k\u00f6nnen.<\/p>\n<p>Wie meinen Sie das? H\u00e4tte Sie Ihrer Meinung nach mit dem Fall des Nationalbankpr\u00e4sidenten werben sollen?<\/p>\n<p>Lei: Sie h\u00e4tte klar sagen k\u00f6nnen, dass wir einen Skandal aufgedeckt haben. Dass wir eine Partei sind, die nicht schweigt, wenn sie Unrecht entdeckt.<\/p>\n<p>Haben Sie Ihrer Partei im Wahlkampf etwa vorgeschlagen, auf den Fall Hildebrand zu setzen?<\/p>\n<p>Lei: Nein. Ich mache der Partei auch keinen Vorwurf. Aber ich h\u00e4tte w\u00e4hrend des Wahlkampfes gerne Vortr\u00e4ge gehalten und meine Rolle im Fall Hildebrand erkl\u00e4rt. Ich h\u00e4tte das falsche Bild, dass in vielen Medien gezeichnet wurde, korrigieren k\u00f6nnen. Es hiess aber, ich solle das bleiben lassen, ich w\u00fcrde der Partei nur schaden.\u00a0Ich bin aber der Ansicht, dass sich die SVP Thurgau \u00f6fters klarer positionieren sollte.<\/p>\n<p>Welches falsche Bild?<\/p>\n<p>Lei: Das des b\u00f6sen Hermann Lei, der den guten Philipp Hildebrand zu Fall gebracht hat.<\/p>\n<p>Haben Sie den Eindruck, dass Sie w\u00e4hrend des Wahlkampfes viele Menschen von Ihrer Sicht der Dinge \u00fcberzeugen konnten?<\/p>\n<p>Lei: Die letzten zwei Wochen stand ich sehr viel auf der Strasse. Ich sprach mit den Passanten und erkl\u00e4rte Ihnen mein Handeln. Viele von ihnen verstanden anschliessend, weshalb ich tun musste, was ich getan habe.<\/p>\n<p>Wie haben Sie den Wahlkampf empfunden?<\/p>\n<p>Lei: Die letzte Zeit ist f\u00fcr mich sehr unangenehm gewesen. Ich habe das nur unbeschadet \u00fcberstanden, weil ich irgendwie das Gef\u00fchl hatte, der B\u00fcrger merke schon, was Recht ist. Dieses Gef\u00fchl hat sich als richtig herausgestellt: All der Dreck, der in den vergangenen Monaten \u00fcber mich gesch\u00fcttet wurde, ist nun vollst\u00e4ndig abgewaschen. Der B\u00fcrger kann eindeutig besser zwischen Recht und Unrecht unterscheiden als die Classe Politique.<\/p>\n<p>Auf politischer Ebene k\u00f6nnen Sie mit der Wiederwahl in den Grossen Rat aufatmen. Auf der rechtlichen Ebene m\u00fcssen Sie aber mit weiteren Schritten gegen Sie rechnen.<\/p>\n<p>Lei: Das ist so. Ich habe schon im Wahlkampf offen kommuniziert, dass es vermutlich zu einer Anklageerhebung und auch zu einem Gerichtsverfahren kommen wird.\u00a0Denn es\u00a0wurde bis jetzt ein sehr aggressiver Stil gefahren, der mit Sicherheit politisch motiviert war. Damit muss ich auch weiterhin rechnen.<\/p>\n<p>Werden Sie im Falle eines rechtskr\u00e4ftigen Urteils gegen Sie von Ihren politischen \u00c4mtern zur\u00fccktreten?<\/p>\n<p>Lei: Ich werde nirgends zur\u00fccktreten, denn ich habe nichts falsch gemacht. Ich h\u00e4tte auch niemals gedacht, dass wegen dieser Sache ein Verfahren gegen mich er\u00f6ffnet werden k\u00f6nnte.<\/p>\n<p>Echt nicht?<\/p>\n<p>Lei: Nein. Und das sage ich nicht nur so daher. Ich habe mich bei verschiedenen Rechtsexperten dar\u00fcber erkundet, welche Konsequenzen die Weitergabe der Bankdaten f\u00fcr mich haben k\u00f6nnten. Sie alle meinten, dass sei kein Problem.<\/p>\n<p>Meinen Sie damit auch die Weitergabe der vertraulichen Dokumente an die \u00abWeltwoche\u00bb?<\/p>\n<p>Lei: Zu diesem Schritt sah ich mich gezwungen, weil der politische Weg nicht funktionierte.<\/p>\n<p>Sie wissen nicht, ob er funktioniert h\u00e4tte, weil Sie nicht lange genug abwarteten. Waren Sie \u00fcbereifrig?<\/p>\n<p>Lei: Nein, das war ich nicht. Ich ging erst an die Medien, als mit allen Mitteln versucht wurde, die Sache zu vertuschen. W\u00e4hrend sich die grossen Tiere vor den Nationalbankpr\u00e4sidenten stellten, obwohl sie die belastenden E-Mails in ihren Aktentaschen trugen, wurde auch noch mein Name geoutet. Ich sah keine andere M\u00f6glichkeit, als mit den Medien die vierte Gewalt zu aktivieren.<\/p>\n","protected":false},"excerpt":{"rendered":"<div style=\"padding-bottom:20px; padding-top:10px;\" class=\"hupso-share-buttons\"><!-- Hupso Share Buttons - https:\/\/www.hupso.com\/share\/ --><a class=\"hupso_toolbar\" href=\"https:\/\/www.hupso.com\/share\/\"><img src=\"https:\/\/static.hupso.com\/share\/buttons\/lang\/de\/share-small.png\" style=\"border:0px; padding-top: 5px; float:left;\" alt=\"Share Button\"\/><\/a><script type=\"text\/javascript\">var hupso_services_t=new Array(\"Twitter\",\"Facebook\",\"Google Plus\",\"Pinterest\",\"Linkedin\",\"Digg\",\"Bebo\",\"Delicious\",\"Print\");var hupso_background_t=\"#EAF4FF\";var hupso_border_t=\"#66CCFF\";var hupso_toolbar_size_t=\"small\";var hupso_image_folder_url = \"\";var hupso_url_t=\"\";var hupso_title_t=\"16.4.2012%20Interview%20mit%20der%20TZ%3A%20%22Ich%20durfte%20keine%20Vortr%C3%A4ge%20halten%22\";<\/script><script type=\"text\/javascript\" src=\"https:\/\/static.hupso.com\/share\/js\/share_toolbar.js\"><\/script><!-- Hupso Share Buttons --><\/div><p>Hermann Lei ist erleichtert. Wegen seiner Rolle im Fall Hildebrand hatte er nicht damit gerechnet, die Wiederwahl in den Grossen Rat zu schaffen. Sein Wahlergebnis wertet er nun als Best\u00e4tigung f\u00fcr sein Handeln. \u00abAber auch als Best\u00e4tigung f\u00fcr meine sonstige &hellip; <a href=\"https:\/\/hermannlei.ch\/?p=195\">Weiterlesen <span class=\"meta-nav\">&rarr;<\/span><\/a><\/p>\n","protected":false},"author":2,"featured_media":0,"comment_status":"open","ping_status":"open","sticky":false,"template":"","format":"standard","meta":{"footnotes":""},"categories":[],"tags":[],"class_list":["post-195","post","type-post","status-publish","format-standard","hentry"],"_links":{"self":[{"href":"https:\/\/hermannlei.ch\/index.php?rest_route=\/wp\/v2\/posts\/195","targetHints":{"allow":["GET"]}}],"collection":[{"href":"https:\/\/hermannlei.ch\/index.php?rest_route=\/wp\/v2\/posts"}],"about":[{"href":"https:\/\/hermannlei.ch\/index.php?rest_route=\/wp\/v2\/types\/post"}],"author":[{"embeddable":true,"href":"https:\/\/hermannlei.ch\/index.php?rest_route=\/wp\/v2\/users\/2"}],"replies":[{"embeddable":true,"href":"https:\/\/hermannlei.ch\/index.php?rest_route=%2Fwp%2Fv2%2Fcomments&post=195"}],"version-history":[{"count":3,"href":"https:\/\/hermannlei.ch\/index.php?rest_route=\/wp\/v2\/posts\/195\/revisions"}],"predecessor-version":[{"id":198,"href":"https:\/\/hermannlei.ch\/index.php?rest_route=\/wp\/v2\/posts\/195\/revisions\/198"}],"wp:attachment":[{"href":"https:\/\/hermannlei.ch\/index.php?rest_route=%2Fwp%2Fv2%2Fmedia&parent=195"}],"wp:term":[{"taxonomy":"category","embeddable":true,"href":"https:\/\/hermannlei.ch\/index.php?rest_route=%2Fwp%2Fv2%2Fcategories&post=195"},{"taxonomy":"post_tag","embeddable":true,"href":"https:\/\/hermannlei.ch\/index.php?rest_route=%2Fwp%2Fv2%2Ftags&post=195"}],"curies":[{"name":"wp","href":"https:\/\/api.w.org\/{rel}","templated":true}]}}