{"id":240,"date":"2012-09-20T09:55:55","date_gmt":"2012-09-20T09:55:55","guid":{"rendered":"https:\/\/hermannlei.ch\/?p=240"},"modified":"2012-09-20T11:32:40","modified_gmt":"2012-09-20T11:32:40","slug":"personlichkeitsverletzung-durch-rassismusvorwurf-prasident-jsvp-thurgau-erhalt-vor-bundesgericht-recht","status":"publish","type":"post","link":"https:\/\/hermannlei.ch\/?p=240","title":{"rendered":"Pers\u00f6nlichkeitsverletzung durch Rassismusvorwurf &#8211; Pr\u00e4sident JSVP Thurgau erh\u00e4lt vor Bundesgericht recht"},"content":{"rendered":"<div style=\"padding-bottom:20px; padding-top:10px;\" class=\"hupso-share-buttons\"><!-- Hupso Share Buttons - https:\/\/www.hupso.com\/share\/ --><a class=\"hupso_toolbar\" href=\"https:\/\/www.hupso.com\/share\/\"><img decoding=\"async\" src=\"https:\/\/static.hupso.com\/share\/buttons\/lang\/de\/share-small.png\" style=\"border:0px; padding-top: 5px; float:left;\" alt=\"Share Button\"\/><\/a><script type=\"text\/javascript\">var hupso_services_t=new Array(\"Twitter\",\"Facebook\",\"Google Plus\",\"Pinterest\",\"Linkedin\",\"Digg\",\"Bebo\",\"Delicious\",\"Print\");var hupso_background_t=\"#EAF4FF\";var hupso_border_t=\"#66CCFF\";var hupso_toolbar_size_t=\"small\";var hupso_image_folder_url = \"\";var hupso_url_t=\"\";var hupso_title_t=\"Pers%C3%B6nlichkeitsverletzung%20durch%20Rassismusvorwurf%20-%20Pr%C3%A4sident%20JSVP%20Thurgau%20erh%C3%A4lt%20vor%20Bundesgericht%20recht\";<\/script><script type=\"text\/javascript\" src=\"https:\/\/static.hupso.com\/share\/js\/share_toolbar.js\"><\/script><!-- Hupso Share Buttons --><\/div><p><a href=\"https:\/\/hermannlei.ch\/wp-content\/uploads\/2012\/09\/120919-Kasper-Medienmitteilung-BGer.pdf\"><\/a><a href=\"https:\/\/hermannlei.ch\/wp-content\/uploads\/2012\/09\/benjamin_kasper.jpg\"><img loading=\"lazy\" decoding=\"async\" class=\"alignnone size-medium wp-image-249\" title=\"benjamin_kasper\" src=\"https:\/\/hermannlei.ch\/wp-content\/uploads\/2012\/09\/benjamin_kasper-216x300.jpg\" alt=\"\" width=\"216\" height=\"300\" srcset=\"https:\/\/hermannlei.ch\/wp-content\/uploads\/2012\/09\/benjamin_kasper-216x300.jpg 216w, https:\/\/hermannlei.ch\/wp-content\/uploads\/2012\/09\/benjamin_kasper.jpg 500w\" sizes=\"auto, (max-width: 216px) 100vw, 216px\" \/><\/a><\/p>\n<p><a href=\"https:\/\/hermannlei.ch\/wp-content\/uploads\/2012\/09\/120919-Kasper-Medienmitteilung-BGer.pdf\">120919 Kasper Medienmitteilung BGer<\/a><\/p>\n<p><a href=\"https:\/\/hermannlei.ch\/wp-content\/uploads\/2012\/09\/120919-Kasper-PM.pdf\">120919 Kasper PM<\/a><\/p>\n<p>Die Stiftung gegen Rassismus und Antisemitismus GRA hat \u00c4usserungen von Benjamin Kasper mit \u201eVerbaler Rassismus\u201c betitelt und in ihre \u201eChronologie der rassistischen Vorf\u00e4lle in der Schweiz\u201c eingereiht. Das Bundesgericht hat mit aller Klarheit festgestellt, dass Kasper dadurch in seiner Ehre verletzt wurde.<\/p>\n<p>Die GRA wird unter Strafandrohung verpflichtet, ihre Verunglimpfung aus ihren Publikationsmitteln zu entfernen und muss an der bisherigen Stelle einen Auszug aus dem Urteil ver\u00f6ffentlichen. Zudem muss sie Benjamin Kasper entsch\u00e4digen.<\/p>\n<p>Benjamin Kasper meint dazu:<\/p>\n<p>\u201eDas Urteil des Bundesgerichts ist \u00e4usserst zufriedenstellend und gibt Hoffnung, im Schweizer Rechtsstaat noch Gerechtigkeit zu finden. Andererseits ist es bedenklich, dass ich das Recht auf freie Meinungs\u00e4usserung, ohne in meiner Pers\u00f6nlichkeit verletzt zu werden, gerichtlich erk\u00e4mpfen musste.<\/p>\n<p>Die Emp\u00f6rung \u00fcber die Bezichtigung als Rassist durch die GRA war nicht nur bei mir<br \/>\ngross. W\u00e4hrend der Prozessphase erhielt ich von allen Seiten Zuspruch, selbst von politischen Gegnern und Personen, die gegen das Minarettverbot gestimmt haben. Der Entscheid des Bundesgerichts \u00fcberrascht daher auch nicht, hat das oberste Schweizer Gericht doch einen v\u00f6llig logischen Schluss gezogen.<\/p>\n<p>Ich sehe im Urteil des Bundesgerichts nicht nur eine Richtigstellung f\u00fcr meinen pers\u00f6nlichen Fall, sondern eine wegweisende Klarstellung, dass andere Meinungen nicht einfach durch den Rassismusvorwurf unterdr\u00fcckt werden k\u00f6nnen.\u201c<\/p>\n<p>Hermann Lei, Anwalt von Benjamin Kasper, sagt:<\/p>\n<p>\u201eDie GRA hat den Eintrag \u00fcber Benjamin Kasper in dem Bewusstsein ver\u00f6ffentlicht, ihm dadurch gesellschaftlich und auch beruflich zu schaden. Gerade in der heutigen Gesellschaft, die auf das Thema Rassismus sensibilisiert ist, ist ein Rassismusvorwurf verheerend. Er schadete dem gesellschaftlichen Ansehen des Pr\u00e4sidenten der Jungen SVP Thurgau erheblich. Es ist leider \u00fcblich geworden, alle zu verunglimpfen, die eine andere Meinung haben.<\/p>\n<p>Doch es kann und darf nicht sein, dass alle Vertreter eines politischen Anliegens, welche sich f\u00fcr etwas einsetzen und sich somit automatisch gegen etwas aussprechen, als Rassisten abgestempelt werden. Das Bundesgericht zeigt denn auch mit aller Klarheit, dass die \u00fcbertriebene und undifferenzierte Etikettierung als rassistisch das Gesetz verletzt und vor Gericht enden kann. Das Bundesgericht hat gezeigt, dass es wichtig ist, dass politische Meinungen ge\u00e4ussert werden k\u00f6nnen.<\/p>\n<p>Soweit ersichtlich ist das Urteil das erste in der Schweiz, welches unmissverst\u00e4ndlich feststellt, dass ein ungerechtfertigter Rassismusvorwurf ehrverletzend ist.  In diesem Sinne ist die Bedeutung des Urteils immens.\u201c<\/p>\n<p>F\u00fcr R\u00fcckfragen:\tHermann Lei, 071 622 42 82<br \/>\nBenjamin Kasper, 079 937 14 95<\/p>\n","protected":false},"excerpt":{"rendered":"<div style=\"padding-bottom:20px; padding-top:10px;\" class=\"hupso-share-buttons\"><!-- Hupso Share Buttons - https:\/\/www.hupso.com\/share\/ --><a class=\"hupso_toolbar\" href=\"https:\/\/www.hupso.com\/share\/\"><img src=\"https:\/\/static.hupso.com\/share\/buttons\/lang\/de\/share-small.png\" style=\"border:0px; padding-top: 5px; float:left;\" alt=\"Share Button\"\/><\/a><script type=\"text\/javascript\">var hupso_services_t=new Array(\"Twitter\",\"Facebook\",\"Google Plus\",\"Pinterest\",\"Linkedin\",\"Digg\",\"Bebo\",\"Delicious\",\"Print\");var hupso_background_t=\"#EAF4FF\";var hupso_border_t=\"#66CCFF\";var hupso_toolbar_size_t=\"small\";var hupso_image_folder_url = \"\";var hupso_url_t=\"\";var hupso_title_t=\"Pers%C3%B6nlichkeitsverletzung%20durch%20Rassismusvorwurf%20-%20Pr%C3%A4sident%20JSVP%20Thurgau%20erh%C3%A4lt%20vor%20Bundesgericht%20recht\";<\/script><script type=\"text\/javascript\" src=\"https:\/\/static.hupso.com\/share\/js\/share_toolbar.js\"><\/script><!-- Hupso Share Buttons --><\/div><p>120919 Kasper Medienmitteilung BGer 120919 Kasper PM Die Stiftung gegen Rassismus und Antisemitismus GRA hat \u00c4usserungen von Benjamin Kasper mit \u201eVerbaler Rassismus\u201c betitelt und in ihre \u201eChronologie der rassistischen Vorf\u00e4lle in der Schweiz\u201c eingereiht. Das Bundesgericht hat mit aller Klarheit &hellip; <a href=\"https:\/\/hermannlei.ch\/?p=240\">Weiterlesen <span class=\"meta-nav\">&rarr;<\/span><\/a><\/p>\n","protected":false},"author":2,"featured_media":0,"comment_status":"open","ping_status":"open","sticky":false,"template":"","format":"standard","meta":{"footnotes":""},"categories":[],"tags":[],"class_list":["post-240","post","type-post","status-publish","format-standard","hentry"],"_links":{"self":[{"href":"https:\/\/hermannlei.ch\/index.php?rest_route=\/wp\/v2\/posts\/240","targetHints":{"allow":["GET"]}}],"collection":[{"href":"https:\/\/hermannlei.ch\/index.php?rest_route=\/wp\/v2\/posts"}],"about":[{"href":"https:\/\/hermannlei.ch\/index.php?rest_route=\/wp\/v2\/types\/post"}],"author":[{"embeddable":true,"href":"https:\/\/hermannlei.ch\/index.php?rest_route=\/wp\/v2\/users\/2"}],"replies":[{"embeddable":true,"href":"https:\/\/hermannlei.ch\/index.php?rest_route=%2Fwp%2Fv2%2Fcomments&post=240"}],"version-history":[{"count":6,"href":"https:\/\/hermannlei.ch\/index.php?rest_route=\/wp\/v2\/posts\/240\/revisions"}],"predecessor-version":[{"id":247,"href":"https:\/\/hermannlei.ch\/index.php?rest_route=\/wp\/v2\/posts\/240\/revisions\/247"}],"wp:attachment":[{"href":"https:\/\/hermannlei.ch\/index.php?rest_route=%2Fwp%2Fv2%2Fmedia&parent=240"}],"wp:term":[{"taxonomy":"category","embeddable":true,"href":"https:\/\/hermannlei.ch\/index.php?rest_route=%2Fwp%2Fv2%2Fcategories&post=240"},{"taxonomy":"post_tag","embeddable":true,"href":"https:\/\/hermannlei.ch\/index.php?rest_route=%2Fwp%2Fv2%2Ftags&post=240"}],"curies":[{"name":"wp","href":"https:\/\/api.w.org\/{rel}","templated":true}]}}