{"id":283,"date":"2013-02-08T12:45:32","date_gmt":"2013-02-08T12:45:32","guid":{"rendered":"https:\/\/hermannlei.ch\/?p=283"},"modified":"2013-02-08T12:45:32","modified_gmt":"2013-02-08T12:45:32","slug":"8-2-13-auf-dem-linken-auge-blind","status":"publish","type":"post","link":"https:\/\/hermannlei.ch\/?p=283","title":{"rendered":"8.2.13 Auf dem linken Auge blind?"},"content":{"rendered":"<div style=\"padding-bottom:20px; padding-top:10px;\" class=\"hupso-share-buttons\"><!-- Hupso Share Buttons - https:\/\/www.hupso.com\/share\/ --><a class=\"hupso_toolbar\" href=\"https:\/\/www.hupso.com\/share\/\"><img decoding=\"async\" src=\"https:\/\/static.hupso.com\/share\/buttons\/lang\/de\/share-small.png\" style=\"border:0px; padding-top: 5px; float:left;\" alt=\"Share Button\"\/><\/a><script type=\"text\/javascript\">var hupso_services_t=new Array(\"Twitter\",\"Facebook\",\"Google Plus\",\"Pinterest\",\"Linkedin\",\"Digg\",\"Bebo\",\"Delicious\",\"Print\");var hupso_background_t=\"#EAF4FF\";var hupso_border_t=\"#66CCFF\";var hupso_toolbar_size_t=\"small\";var hupso_image_folder_url = \"\";var hupso_url_t=\"\";var hupso_title_t=\"8.2.13%20Auf%20dem%20linken%20Auge%20blind%3F\";<\/script><script type=\"text\/javascript\" src=\"https:\/\/static.hupso.com\/share\/js\/share_toolbar.js\"><\/script><!-- Hupso Share Buttons --><\/div><p class=\"MsoNormal\" style=\"text-align: center; line-height: 30.0pt; mso-line-height-rule: exactly;\" align=\"center\"><strong><span style=\"font-size: 24.0pt; mso-bidi-font-size: 14.0pt;\">Auf dem linken Auge blind?<\/span><\/strong><\/p>\n<p class=\"MsoNormal\" style=\"text-align: justify; line-height: 30.0pt; mso-line-height-rule: exactly;\"><span style=\"font-size: 14.0pt;\">\u00a0<\/span><\/p>\n<p class=\"MsoNormal\" style=\"text-align: center; line-height: 30.0pt; mso-line-height-rule: exactly;\" align=\"center\"><em style=\"mso-bidi-font-style: normal;\"><span style=\"font-size: 14.0pt;\">Von Hermann Lei, Kantonsrat, Frauenfeld<\/span><\/em><\/p>\n<p class=\"MsoNormal\" style=\"text-align: justify; line-height: 30.0pt; mso-line-height-rule: exactly;\"><span style=\"font-size: 14.0pt;\">\u00a0<\/span><\/p>\n<p class=\"MsoNormal\" style=\"text-align: justify; line-height: 30.0pt; mso-line-height-rule: exactly;\"><strong style=\"mso-bidi-font-weight: normal;\"><span style=\"font-size: 14.0pt;\">Einen Tag nachdem ein Jungpolitiker das Wort &#8222;Kristallnacht&#8220; getwittert hatte, f\u00fchrte die Staatsanwaltschaft eine Hausdurchsuchung bei ihm durch. Der sog. \u00abKristallnacht-Twitterer\u00bb verlor daraufhin ungerechtfertigt seinen Job, sein politisches Amt und musste aus seiner Partei austreten.<br \/>\n<\/span><\/strong><\/p>\n<p class=\"MsoNormal\" style=\"text-align: justify; line-height: 30.0pt; mso-line-height-rule: exactly;\"><strong style=\"mso-bidi-font-weight: normal;\"><span style=\"font-size: 14.0pt;\">\u00a0<\/span><\/strong><\/p>\n<p class=\"MsoNormal\" style=\"text-align: justify; line-height: 30.0pt; mso-line-height-rule: exactly;\"><span style=\"font-size: 14.0pt;\">Ein Wort, aus dem Zusammenhang gerissen, f\u00fchrt auf der rechten Seite zum sozialen Tod. Was aber ist mit den vielen linksgerichteten Personen, welche regelm\u00e4ssig Hetzparolen bis hin zu Morddrohungen ausstossen? Wann schaut die Staatsanwaltschaft bei ihnen vorbei? Ist man auf dem linken Auge blind?<\/span><\/p>\n<p class=\"MsoNormal\" style=\"text-align: justify; line-height: 30.0pt; mso-line-height-rule: exactly;\"><strong style=\"mso-bidi-font-weight: normal;\"><span style=\"font-size: 14.0pt;\">\u00a0<\/span><\/strong><\/p>\n<p class=\"MsoNormal\" style=\"text-align: center; line-height: 30.0pt; mso-line-height-rule: exactly;\" align=\"center\"><strong style=\"mso-bidi-font-weight: normal;\"><span style=\"font-size: 14.0pt;\">Bomben auf Bettwil<\/span><\/strong><\/p>\n<p class=\"MsoNormal\" style=\"text-align: justify; line-height: 30.0pt; mso-line-height-rule: exactly;\"><strong style=\"mso-bidi-font-weight: normal;\"><span style=\"font-size: 14.0pt;\">\u00a0<\/span><\/strong><\/p>\n<p class=\"MsoNormal\" style=\"text-align: justify; line-height: 30.0pt; mso-line-height-rule: exactly;\"><span style=\"font-size: 14.0pt;\">Am 15. Januar 2012 veranstalteten linke Kreise eine Demonstration gegen das kleine Dorf Bettwil, welches sich erfolgreich gegen die Einquartierung von Asylbewerbern gewehrt hatte. <\/span><\/p>\n<p class=\"MsoNormal\" style=\"text-align: justify; line-height: 30.0pt; mso-line-height-rule: exactly;\"><span style=\"font-size: 14.0pt;\">\u00a0<\/span><\/p>\n<p class=\"MsoNormal\" style=\"text-align: justify; line-height: 30.0pt; mso-line-height-rule: exactly;\"><span style=\"font-size: 14.0pt;\">Teilnehmerin der Demonstration war unter anderem Sibel Arslan, Grossr\u00e4tin des Gr\u00fcnen B\u00fcndnisses Basel-Stadt. Dem Protest aus Basel folgten auch die Aargauer Jungsozialisten. <\/span><\/p>\n<p class=\"MsoNormal\" style=\"text-align: justify; line-height: 30.0pt; mso-line-height-rule: exactly;\"><span style=\"font-size: 14.0pt;\">\u00a0<\/span><\/p>\n<p class=\"MsoNormal\" style=\"text-align: justify; line-height: 30.0pt; mso-line-height-rule: exactly;\"><span style=\"font-size: 14.0pt;\">Dass sich Linksautonome der Demonstration angeschlossen h\u00e4tten, sei f\u00fcr sie kein Problem: \u00abEs ist jeder willkommen und wir haben abgemacht, friedlich zu bleiben\u00bb, sagte der Pr\u00e4sident der Juso Aargau. Willkommen und friedlich? In einem Protestaufruf rief eine Gruppe der Teilnehmer zur Gewalt gegen Bettwiler auf, mit dem Slogan: \u00abBomben auf Bettwil\u00bb.<\/span><\/p>\n<p class=\"MsoNormal\" style=\"text-align: justify; line-height: 30.0pt; mso-line-height-rule: exactly;\"><span style=\"font-size: 14.0pt;\">\u00a0<\/span><\/p>\n<p class=\"MsoNormal\" style=\"text-align: center; line-height: 30.0pt; mso-line-height-rule: exactly;\" align=\"center\"><strong style=\"mso-bidi-font-weight: normal;\"><span style=\"font-size: 14.0pt;\">\u00abBraune SVP-Heinis\u00bb<\/span><\/strong><\/p>\n<p class=\"MsoNormal\" style=\"text-align: center; line-height: 30.0pt; mso-line-height-rule: exactly;\" align=\"center\"><strong style=\"mso-bidi-font-weight: normal;\"><span style=\"font-size: 14.0pt;\">\u00a0<\/span><\/strong><\/p>\n<p class=\"MsoNormal\" style=\"text-align: justify; line-height: 30.0pt; mso-line-height-rule: exactly;\"><span style=\"font-size: 14.0pt;\">Linke Gewaltaufrufe sind das eine. Den N\u00e4hrboden daf\u00fcr liefern aber Politiker, K\u00fcnstler und Journalisten mit ihrer Ausgrenzungsstrategie. <\/span><\/p>\n<p class=\"MsoNormal\" style=\"text-align: justify; line-height: 30.0pt; mso-line-height-rule: exactly;\"><span style=\"font-size: 14.0pt;\">\u00a0<\/span><\/p>\n<p class=\"MsoNormal\" style=\"text-align: justify; line-height: 30.0pt; mso-line-height-rule: exactly;\"><span style=\"font-size: 14.0pt;\">Seit Jahren werden konservative Kreise n\u00e4mlich pauschal in die rechtsextreme Ecke gestellt. So twitterte z.B. Mich\u00e8le Binswanger, Journalistin, am 24. Juni 2012 wie folgt: <em style=\"mso-bidi-font-style: normal;\">\u00abIch schreib jetzt mal was \u00fcber all diese braunen SVP-Heinis.\u00bb <\/em><\/span><\/p>\n<p class=\"MsoNormal\" style=\"text-align: justify; line-height: 30.0pt; mso-line-height-rule: exactly;\"><span style=\"font-size: 14.0pt;\">\u00a0<\/span><\/p>\n<p class=\"MsoNormal\" style=\"text-align: justify; line-height: 30.0pt; mso-line-height-rule: exactly;\"><span style=\"font-size: 14.0pt;\">Das ist nicht harmlos: So werden andersdenkende Mitb\u00fcrger als politische Verbrecher hingestellt. <\/span><\/p>\n<p class=\"MsoNormal\" style=\"text-align: justify; line-height: 30.0pt; mso-line-height-rule: exactly;\"><span style=\"font-size: 14.0pt;\">\u00a0<\/span><\/p>\n<p class=\"MsoNormal\" style=\"text-align: justify; line-height: 30.0pt; mso-line-height-rule: exactly;\"><span style=\"font-size: 14.0pt;\">Oder k\u00fcrzlich C\u00e9dric Wermuth, SP-Nationalrat: <em style=\"mso-bidi-font-style: normal;\">\u00abNach Asylgesetz, Statistik-Apartheit und \u2039Kristallnacht\u203a-Tweet sollten wir nicht versuchen, die SVP in die Naziecke zu stellen. Wir sollten viel mehr versuchen, sie da rauszuholen!\u00bb<\/em><\/span><\/p>\n<p class=\"MsoNormal\" style=\"text-align: justify; line-height: 30.0pt; mso-line-height-rule: exactly;\"><span style=\"font-size: 14.0pt;\">\u00a0<\/span><\/p>\n<p class=\"MsoNormal\" style=\"text-align: justify; line-height: 30.0pt; mso-line-height-rule: exactly;\"><span style=\"font-size: 14.0pt;\">Damit verunglimpft der Juso-Pr\u00e4sident die gesamte SVP. Auch Rapper Stress hat kaum Hemmungen. Bekannt wurde er f\u00fcr sein Lied \u00abFuck Blocher\u00bb und ein Video, in dem der Rapper zu sehen ist, wie er \u2013 so sieht es aus \u2013 Christoph Blocher anal penetriert. Bei der Abwahl von Bundesrat Blocher freute sich Stress inhaltlich und bildhaft folgerichtig: \u00abOui, on la niqu\u00e9!\u00bb oder zu Deutsch: \u00abJa wir haben ihn gefickt!\u00bb.<\/span><\/p>\n<p class=\"MsoNormal\" style=\"text-align: justify; line-height: 30.0pt; mso-line-height-rule: exactly;\"><span style=\"font-size: 14.0pt;\">\u00a0<\/span><\/p>\n<p class=\"MsoNormal\" style=\"text-align: justify; line-height: 30.0pt; mso-line-height-rule: exactly;\"><span style=\"font-size: 14.0pt;\">Ber\u00fchmtestes Beispiel f\u00fcr dumme Spr\u00fcche ist SP-Fraktionschef Andy Tsch\u00fcmperlin, welcher gesagt haben soll, Blocher sollte man \u00abden Grind umdrehen\u00bb. Tsch\u00fcmperlin meinte allerdings nach Bekanntwerden seiner Aussage, er sei falsch verstanden worden.<\/span><\/p>\n<p class=\"MsoNormal\" style=\"text-align: justify; line-height: 30.0pt; mso-line-height-rule: exactly;\"><span style=\"font-size: 14.0pt;\">\u00a0<\/span><\/p>\n<p class=\"MsoNormal\" style=\"text-align: center; line-height: 30.0pt; mso-line-height-rule: exactly;\" align=\"center\"><strong style=\"mso-bidi-font-weight: normal;\"><span style=\"font-size: 14.0pt;\">\u00abUnd ja, ich meine Mord\u00bb<\/span><\/strong><\/p>\n<p class=\"MsoNormal\" style=\"text-align: justify; line-height: 30.0pt; mso-line-height-rule: exactly;\"><strong style=\"mso-bidi-font-weight: normal;\"><span style=\"font-size: 14.0pt;\">\u00a0<\/span><\/strong><\/p>\n<p class=\"MsoNormal\" style=\"text-align: justify; line-height: 30.0pt; mso-line-height-rule: exactly;\"><span style=\"font-size: 14.0pt;\">Was mit Gewaltphantasien beginnt, endet in Gewaltaus\u00fcbung: Der Ex-Juso Ivo L. z.B. wurde vergangenen M\u00e4rz wegen Brandstiftung an mehreren Autos zu einer teilbedingten Freiheitsstrafe von drei Jahren verurteilt. Gem\u00e4ss Oberstaatsanwaltschaft habe der Mann aus Hass auf politische Institutionen und Rechtspolitiker gehandelt. <\/span><\/p>\n<p class=\"MsoNormal\" style=\"text-align: justify; line-height: 30.0pt; mso-line-height-rule: exactly;\"><span style=\"font-size: 14.0pt;\">\u00a0<\/span><\/p>\n<p class=\"MsoNormal\" style=\"text-align: justify; line-height: 30.0pt; mso-line-height-rule: exactly;\"><span style=\"font-size: 14.0pt;\">Im Moment brennen \u00abnur\u00bb Autos. Was aber, wenn einmal ausgef\u00fchrt wird, was L.K. im Internet ank\u00fcndigt. <\/span><\/p>\n<p class=\"MsoNormal\" style=\"text-align: justify; line-height: 30.0pt; mso-line-height-rule: exactly;\"><span style=\"font-size: 14.0pt;\">\u00a0<\/span><\/p>\n<p class=\"MsoNormal\" style=\"text-align: justify; line-height: 30.0pt; mso-line-height-rule: exactly;\"><span style=\"font-size: 14.0pt;\">S\u00e4mtliche zitierten Passagen werden bewusst im Original-Wortlaut und mit den entsprechenden Rechtschreibefehlern wiedergegeben.<\/span><\/p>\n<p class=\"MsoNormal\" style=\"text-align: justify; line-height: 30.0pt; mso-line-height-rule: exactly;\"><span style=\"font-size: 14.0pt;\">\u00a0<\/span><\/p>\n<p class=\"MsoNormal\" style=\"text-align: justify; line-height: 30.0pt; mso-line-height-rule: exactly;\"><span style=\"font-size: 14.0pt;\"><span style=\"mso-spacerun: yes;\">\u00a0<\/span><em style=\"mso-bidi-font-style: normal;\">\u00abI han e richtig krassi Illegali Waffe, i bi parat zum paar ersch\u00fcsse!!! i wart nur das mich en Nazi (SVP) dumm amacht! (\u2026) patron\u00e4 isch dinne im magazin, mue nur lade, und den ersch\u00fcss ich dich du vogel?\u00bb<\/em> <\/span><\/p>\n<p class=\"MsoNormal\" style=\"text-align: justify; line-height: 30.0pt; mso-line-height-rule: exactly;\"><span style=\"font-size: 14.0pt;\">\u00a0<\/span><\/p>\n<p class=\"MsoNormal\" style=\"text-align: justify; line-height: 30.0pt; mso-line-height-rule: exactly;\"><span style=\"font-size: 14.0pt;\">Geradezu harmlos wirkt es, wenn wir an anderer Stelle lesen, man m\u00fcsse alle SVPler <em style=\"mso-bidi-font-style: normal;\">\u00abeinzeln ih psychiatrie stecke. (\u2026) er send verdammti onf\u00e4hige asoziale hurres\u00f6hn er hend in ihnere gsonde shwizz n\u00fct verlore.\u00bb <\/em><\/span><\/p>\n<p class=\"MsoNormal\" style=\"text-align: justify; line-height: 30.0pt; mso-line-height-rule: exactly;\"><span style=\"font-size: 14.0pt;\">\u00a0<\/span><\/p>\n<p class=\"MsoNormal\" style=\"text-align: justify; line-height: 30.0pt; mso-line-height-rule: exactly;\"><span style=\"font-size: 14.0pt;\">Unter dem Pseudonym mhk twittert dagegen einer unverbl\u00fcmt: <em style=\"mso-bidi-font-style: normal;\">\u00abUnd ja, ich meine Mord. Aber man kann vieles auch als Unfall durchgehen lassen. Bremsversagen, Herzstillstand uns so. (\u2026) Sie sollten aus Staatsschutzgr\u00fcnden terminiert werden. Ich stelle mich zur Verf\u00fcgung.\u00bb<\/em><\/span><\/p>\n<p class=\"MsoNormal\" style=\"text-align: justify; line-height: 30.0pt; mso-line-height-rule: exactly;\"><strong style=\"mso-bidi-font-weight: normal;\"><span style=\"font-size: 14.0pt;\">\u00a0<\/span><\/strong><\/p>\n<p class=\"MsoNormal\" style=\"text-align: center; line-height: 30.0pt; mso-line-height-rule: exactly;\" align=\"center\"><strong style=\"mso-bidi-font-weight: normal;\"><span style=\"font-size: 14.0pt;\">\u00abFick dini ellendi Mutter\u00bb<\/span><\/strong><\/p>\n<p class=\"MsoNormal\" style=\"text-align: justify; line-height: 30.0pt; mso-line-height-rule: exactly;\"><strong style=\"mso-bidi-font-weight: normal;\"><span style=\"font-size: 14.0pt;\">\u00a0<\/span><\/strong><\/p>\n<p class=\"MsoNormal\" style=\"text-align: justify; line-height: 30.0pt; mso-line-height-rule: exactly;\"><span style=\"font-size: 14.0pt;\">Im Visier sind nat\u00fcrlich auch die Exponenten der SVP. Christoph M\u00f6rgeli, so schreibt J.C. auf Facebook, geh\u00f6re in eine Anstalt. Unmissverst\u00e4ndlich sind die kruden Drohungen gegen\u00fcber Blocher im Internet, z.B. von R.B.: <em style=\"mso-bidi-font-style: normal;\">\u00abDu huere sohn, mer kseht sech in Leibstadt turnhalle wen en schtei am kopf bechunsch.\u00bb <\/em><\/span><\/p>\n<p class=\"MsoNormal\" style=\"text-align: justify; line-height: 30.0pt; mso-line-height-rule: exactly;\"><em style=\"mso-bidi-font-style: normal;\"><span style=\"font-size: 14.0pt;\">\u00a0<\/span><\/em><\/p>\n<p class=\"MsoNormal\" style=\"text-align: justify; line-height: 30.0pt; mso-line-height-rule: exactly;\"><span style=\"font-size: 14.0pt;\">A.R. geht noch weiter: <em style=\"mso-bidi-font-style: normal;\">\u00abblocher ich fick dini ellendi mutter chumm uf oerlikon ZH NORD und du hesch din tot kenne glernt dreckig bisch!\u00bb<\/em> <\/span><\/p>\n<p class=\"MsoNormal\" style=\"text-align: justify; line-height: 30.0pt; mso-line-height-rule: exactly;\"><span style=\"font-size: 14.0pt;\">\u00a0<\/span><\/p>\n<p class=\"MsoNormal\" style=\"text-align: justify; line-height: 30.0pt; mso-line-height-rule: exactly;\"><span style=\"font-size: 14.0pt;\">Gleichermassen einf\u00e4ltig wie eindeutig schreibt L.B.: <em style=\"mso-bidi-font-style: normal;\">\u00abIch blib Getto und fick uf de blocher St\u00fcrm ih sin hus und Fick sini Tochter.\u00bb <\/em><\/span><\/p>\n<p class=\"MsoNormal\" style=\"text-align: justify; line-height: 30.0pt; mso-line-height-rule: exactly;\"><em style=\"mso-bidi-font-style: normal;\"><span style=\"font-size: 14.0pt;\">\u00a0<\/span><\/em><\/p>\n<p class=\"MsoNormal\" style=\"text-align: justify; line-height: 30.0pt; mso-line-height-rule: exactly;\"><span style=\"font-size: 14.0pt;\">In der Intention \u00e4hnlich ist A.S.: <em style=\"mso-bidi-font-style: normal;\">\u00abIch weiss ich bin Killer ziel uf de Blocher brich ih sis huss ih und fickk sini Toochterr.\u00bb <\/em><\/span><\/p>\n<p class=\"MsoNormal\" style=\"text-align: justify; line-height: 30.0pt; mso-line-height-rule: exactly;\"><span style=\"font-size: 14.0pt;\">\u00a0<\/span><\/p>\n<p class=\"MsoNormal\" style=\"text-align: justify; line-height: 30.0pt; mso-line-height-rule: exactly;\"><span style=\"font-size: 14.0pt;\">G.H. mags eher konventionell: <em style=\"mso-bidi-font-style: normal;\">\u00abDu Hund, Du Misgeburt, du Arschgefickte hund mini fust trifft dich wie klitschko!!!\u00bb<\/em> <\/span><\/p>\n<p class=\"MsoNormal\" style=\"text-align: justify; line-height: 30.0pt; mso-line-height-rule: exactly;\"><span style=\"font-size: 14.0pt;\">\u00a0<\/span><\/p>\n<p class=\"MsoNormal\" style=\"text-align: justify; line-height: 30.0pt; mso-line-height-rule: exactly;\"><span style=\"font-size: 14.0pt;\">Und J.S. kl\u00e4rt auf: <em style=\"mso-bidi-font-style: normal;\">\u00abChristoph Blocher du alter h\u00e4sslicher und von allen Strohdummer Kr\u00fcpel gibs auf niemand will dich. Du bist so dumm ein behinderter w\u00e4hre besser geeignet in der Politik als du. Verschissener, verbl\u00f6deter alter Windeltr\u00e4ger.\u00bb <\/em><\/span><\/p>\n<p class=\"MsoNormal\" style=\"text-align: justify; line-height: 30.0pt; mso-line-height-rule: exactly;\"><span style=\"font-size: 14.0pt;\">\u00a0<\/span><\/p>\n<p class=\"MsoNormal\" style=\"text-align: center; line-height: 30.0pt; mso-line-height-rule: exactly;\" align=\"center\"><strong style=\"mso-bidi-font-weight: normal;\"><span style=\"font-size: 14.0pt;\">\u00abSVP ah\u00e4nger us grottet\u00bb \u2013 \u00abSP und Gr\u00fcne 4ever\u00bb<\/span><\/strong><\/p>\n<p class=\"MsoNormal\" style=\"text-align: justify; line-height: 30.0pt; mso-line-height-rule: exactly;\"><strong style=\"mso-bidi-font-weight: normal;\"><span style=\"font-size: 14.0pt;\">\u00a0<\/span><\/strong><\/p>\n<p class=\"MsoNormal\" style=\"text-align: justify; line-height: 30.0pt; mso-line-height-rule: exactly;\"><span style=\"font-size: 14.0pt;\">Im Visier ist aber nicht nur Blocher, sondern auch viele andere Personen. <\/span><\/p>\n<p class=\"MsoNormal\" style=\"text-align: justify; line-height: 30.0pt; mso-line-height-rule: exactly;\"><span style=\"font-size: 14.0pt;\">\u00a0<\/span><\/p>\n<p class=\"MsoNormal\" style=\"text-align: justify; line-height: 30.0pt; mso-line-height-rule: exactly;\"><span style=\"font-size: 14.0pt;\">Ein V.K. schreibt: <em style=\"mso-bidi-font-style: normal;\">\u00abHoffendlich schneiden wir euch allen schweizer die k\u00f6pfe ab ihr drecks schweine.\u00bb<\/em><\/span><\/p>\n<p class=\"MsoNormal\" style=\"text-align: justify; line-height: 30.0pt; mso-line-height-rule: exactly;\"><em style=\"mso-bidi-font-style: normal;\"><span style=\"font-size: 14.0pt;\">\u00a0<\/span><\/em><\/p>\n<p class=\"MsoNormal\" style=\"text-align: justify; line-height: 30.0pt; mso-line-height-rule: exactly;\"><span style=\"font-size: 14.0pt;\">Sehr direkt ist P.C. gegen\u00fcber einer ihm missliebigen Frau: <em style=\"mso-bidi-font-style: normal;\">\u00abE.Z. sollte man ermorden die tussie ist v\u00f6llig \u00fcberfl\u00fcssig!!!\u00bb. <\/em><\/span><\/p>\n<p class=\"MsoNormal\" style=\"text-align: justify; line-height: 30.0pt; mso-line-height-rule: exactly;\"><span style=\"font-size: 14.0pt;\">\u00a0<\/span><\/p>\n<p class=\"MsoNormal\" style=\"text-align: justify; line-height: 30.0pt; mso-line-height-rule: exactly;\"><span style=\"font-size: 14.0pt;\">Und ein gewisser \u00abBalkanac\u00bb meint: <em style=\"mso-bidi-font-style: normal;\">\u00abDrecks schwizer Sau SVP.\u00bb<\/em> <\/span><\/p>\n<p class=\"MsoNormal\" style=\"text-align: justify; line-height: 30.0pt; mso-line-height-rule: exactly;\"><span style=\"font-size: 14.0pt;\">\u00a0<\/span><\/p>\n<p class=\"MsoNormal\" style=\"text-align: justify; line-height: 30.0pt; mso-line-height-rule: exactly;\"><span style=\"font-size: 14.0pt;\">D.H. vertraut dem Internet an: <em style=\"mso-bidi-font-style: normal;\">\u00abich schw\u00f6re bi gott falls es mal Krieg git, bevor ich de gegner ersch\u00fcsse, werdet alli assoziale SVP ah\u00e4nger us grottet!!!!! ihr behinderte nuttes\u00f6hn ch\u00f6met man ihr scheiss behinderte assoziale buure!!! \u2026 SP und Gr\u00fcne 4ever.\u00bb<\/em> <\/span><\/p>\n<p class=\"MsoNormal\" style=\"text-align: justify; line-height: 30.0pt; mso-line-height-rule: exactly;\"><span style=\"font-size: 14.0pt;\">\u00a0<\/span><\/p>\n<p class=\"MsoNormal\" style=\"text-align: justify; line-height: 30.0pt; mso-line-height-rule: exactly;\"><span style=\"font-size: 14.0pt;\">Die Liste liesse sich beliebig fortsetzen.<\/span><\/p>\n<p class=\"MsoNormal\" style=\"text-align: justify; line-height: 30.0pt; mso-line-height-rule: exactly;\"><span style=\"font-size: 14.0pt;\">\u00a0<\/span><\/p>\n<p class=\"MsoNormal\" style=\"text-align: justify; line-height: 30.0pt; mso-line-height-rule: exactly;\"><span style=\"font-size: 14.0pt;\">Soll man sich \u00fcber solch primitives Geschw\u00e4tz \u00e4rgern? Handelt es sich bei solchen Drohungen und Beleidigungen nicht einfach um Verirrungen aufgehetzter Spinner, welche nicht ernst zu nehmen sind? Wohl schon. Beim \u00abKristallnacht-Twitterer\u00bb stand am n\u00e4chsten Morgen die Staatsanwaltschaft vor der T\u00fcre. Wieso reagiert niemand, wenn Gewalt von der linken Seite her erschallt? <\/span><\/p>\n<p class=\"MsoNormal\" style=\"text-align: justify; line-height: 30.0pt; mso-line-height-rule: exactly;\"><span style=\"font-size: 14.0pt;\">\u00a0<\/span><\/p>\n<p class=\"MsoNormal\" style=\"text-align: justify; line-height: 30.0pt; mso-line-height-rule: exactly;\"><span style=\"font-size: 14.0pt;\">Die Namen der Personen, welche Blocher ermorden, M\u00f6rgeli in die Psychiatrie stecken und alle SVP-Mitglieder ausrotten wollen, sind bekannt. Wann steht die Staatsanwaltschaft vor deren T\u00fcre? Steht denn nicht in unserer Verfassung, dass vor dem Gesetz alle gleich seien?<\/span><\/p>\n<p class=\"MsoNormal\" style=\"text-align: justify; line-height: 30.0pt; mso-line-height-rule: exactly;\"><span style=\"font-size: 14.0pt;\">\u00a0<\/span><\/p>\n<p class=\"MsoNormal\" style=\"text-align: right; line-height: 30.0pt; mso-line-height-rule: exactly;\" align=\"right\"><em style=\"mso-bidi-font-style: normal;\"><span style=\"font-size: 14.0pt;\">Hermann Lei<\/span><\/em><\/p>\n<p>&nbsp;<\/p>\n","protected":false},"excerpt":{"rendered":"<div style=\"padding-bottom:20px; padding-top:10px;\" class=\"hupso-share-buttons\"><!-- Hupso Share Buttons - https:\/\/www.hupso.com\/share\/ --><a class=\"hupso_toolbar\" href=\"https:\/\/www.hupso.com\/share\/\"><img src=\"https:\/\/static.hupso.com\/share\/buttons\/lang\/de\/share-small.png\" style=\"border:0px; padding-top: 5px; float:left;\" alt=\"Share Button\"\/><\/a><script type=\"text\/javascript\">var hupso_services_t=new Array(\"Twitter\",\"Facebook\",\"Google Plus\",\"Pinterest\",\"Linkedin\",\"Digg\",\"Bebo\",\"Delicious\",\"Print\");var hupso_background_t=\"#EAF4FF\";var hupso_border_t=\"#66CCFF\";var hupso_toolbar_size_t=\"small\";var hupso_image_folder_url = \"\";var hupso_url_t=\"\";var hupso_title_t=\"8.2.13%20Auf%20dem%20linken%20Auge%20blind%3F\";<\/script><script type=\"text\/javascript\" src=\"https:\/\/static.hupso.com\/share\/js\/share_toolbar.js\"><\/script><!-- Hupso Share Buttons --><\/div><p>Auf dem linken Auge blind? \u00a0 Von Hermann Lei, Kantonsrat, Frauenfeld \u00a0 Einen Tag nachdem ein Jungpolitiker das Wort &#8222;Kristallnacht&#8220; getwittert hatte, f\u00fchrte die Staatsanwaltschaft eine Hausdurchsuchung bei ihm durch. Der sog. \u00abKristallnacht-Twitterer\u00bb verlor daraufhin ungerechtfertigt seinen Job, sein politisches &hellip; <a href=\"https:\/\/hermannlei.ch\/?p=283\">Weiterlesen <span class=\"meta-nav\">&rarr;<\/span><\/a><\/p>\n","protected":false},"author":2,"featured_media":0,"comment_status":"open","ping_status":"open","sticky":false,"template":"","format":"standard","meta":{"footnotes":""},"categories":[],"tags":[],"class_list":["post-283","post","type-post","status-publish","format-standard","hentry"],"_links":{"self":[{"href":"https:\/\/hermannlei.ch\/index.php?rest_route=\/wp\/v2\/posts\/283","targetHints":{"allow":["GET"]}}],"collection":[{"href":"https:\/\/hermannlei.ch\/index.php?rest_route=\/wp\/v2\/posts"}],"about":[{"href":"https:\/\/hermannlei.ch\/index.php?rest_route=\/wp\/v2\/types\/post"}],"author":[{"embeddable":true,"href":"https:\/\/hermannlei.ch\/index.php?rest_route=\/wp\/v2\/users\/2"}],"replies":[{"embeddable":true,"href":"https:\/\/hermannlei.ch\/index.php?rest_route=%2Fwp%2Fv2%2Fcomments&post=283"}],"version-history":[{"count":3,"href":"https:\/\/hermannlei.ch\/index.php?rest_route=\/wp\/v2\/posts\/283\/revisions"}],"predecessor-version":[{"id":286,"href":"https:\/\/hermannlei.ch\/index.php?rest_route=\/wp\/v2\/posts\/283\/revisions\/286"}],"wp:attachment":[{"href":"https:\/\/hermannlei.ch\/index.php?rest_route=%2Fwp%2Fv2%2Fmedia&parent=283"}],"wp:term":[{"taxonomy":"category","embeddable":true,"href":"https:\/\/hermannlei.ch\/index.php?rest_route=%2Fwp%2Fv2%2Fcategories&post=283"},{"taxonomy":"post_tag","embeddable":true,"href":"https:\/\/hermannlei.ch\/index.php?rest_route=%2Fwp%2Fv2%2Ftags&post=283"}],"curies":[{"name":"wp","href":"https:\/\/api.w.org\/{rel}","templated":true}]}}