{"id":289,"date":"2013-02-24T16:26:59","date_gmt":"2013-02-24T16:26:59","guid":{"rendered":"https:\/\/hermannlei.ch\/?p=289"},"modified":"2015-10-02T08:59:43","modified_gmt":"2015-10-02T08:59:43","slug":"24-2-13-politiker-patzer-auf-twitter-und-facebook","status":"publish","type":"post","link":"https:\/\/hermannlei.ch\/?p=289","title":{"rendered":"24.2.13 Politiker-Patzer auf Twitter und Facebook"},"content":{"rendered":"<div style=\"padding-bottom:20px; padding-top:10px;\" class=\"hupso-share-buttons\"><!-- Hupso Share Buttons - https:\/\/www.hupso.com\/share\/ --><a class=\"hupso_toolbar\" href=\"https:\/\/www.hupso.com\/share\/\"><img decoding=\"async\" src=\"https:\/\/static.hupso.com\/share\/buttons\/lang\/de\/share-small.png\" style=\"border:0px; padding-top: 5px; float:left;\" alt=\"Share Button\"\/><\/a><script type=\"text\/javascript\">var hupso_services_t=new Array(\"Twitter\",\"Facebook\",\"Google Plus\",\"Pinterest\",\"Linkedin\",\"Digg\",\"Bebo\",\"Delicious\",\"Print\");var hupso_background_t=\"#EAF4FF\";var hupso_border_t=\"#66CCFF\";var hupso_toolbar_size_t=\"small\";var hupso_image_folder_url = \"\";var hupso_url_t=\"\";var hupso_title_t=\"24.2.13%20Politiker-Patzer%20auf%20Twitter%20und%20Facebook\";<\/script><script type=\"text\/javascript\" src=\"https:\/\/static.hupso.com\/share\/js\/share_toolbar.js\"><\/script><!-- Hupso Share Buttons --><\/div><p><span style=\"text-decoration: underline;\"><a href=\"https:\/\/hermannlei.ch\/wp-content\/uploads\/2013\/02\/Lei-Twitter-Facebook.jpg\"><img loading=\"lazy\" decoding=\"async\" class=\"alignleft size-medium wp-image-295\" title=\"Lei Twitter Facebook\" src=\"https:\/\/hermannlei.ch\/wp-content\/uploads\/2013\/02\/Lei-Twitter-Facebook-223x300.jpg\" alt=\"\" width=\"223\" height=\"300\" srcset=\"https:\/\/hermannlei.ch\/wp-content\/uploads\/2013\/02\/Lei-Twitter-Facebook-223x300.jpg 223w, https:\/\/hermannlei.ch\/wp-content\/uploads\/2013\/02\/Lei-Twitter-Facebook.jpg 597w\" sizes=\"auto, (max-width: 223px) 100vw, 223px\" \/><\/a>Was darf man schreiben und sagen, was nicht?<\/span><\/p>\n<h5>Soziale Medien sind im Trend. Politiker nutzen den Kurznachrichtendienst <a href=\"https:\/\/www.tagesanzeiger.ch\/digital\/social-media\/organisation\/twitter\/s.html\">Twitter<\/a>, um ihre Meinung zu verk\u00fcnden. Parteihelfer mobilisieren \u00fcber Facebook f\u00fcr ihren Anlass. Und Parteien versuchen, das Informationsmonopol der Mainstreammedien zu brechen,\u00a0 in \u00c4gypten, Syrien oder der Schweiz. Aber so dienlich Facebook und Twitter sind, so t\u00fcckische Folgen k\u00f6nnen sie haben. Sie funktionieren zwar wie ein vertrauliches Gespr\u00e4ch, aber letztlich sind es \u00f6ffentliche Plattformen. Wer in einer unbedachten Minute einen Bl\u00f6dsinn twittert ist bald Stelle, Amt und W\u00fcrden los. Eine Anleitung zum sicheren Gebrauch der neuen Medien.<\/h5>\n<h5><\/h5>\n<h5>Wie man es nicht machen sollte<\/h5>\n<h5>Der Facebook-Eintrag von Seppi Spiess, SVP-Pr\u00e4sident der Gemeinde Schwyz, zum Tod eines moldawischen Autodiebs ging in der Schweiz um: \u00abIch hatte richtig Freude. So m\u00fcsste es sein, niederschiessen, dann kostet diese Sauware nichts mehr. Aber eben, die Ausl\u00e4nder lachen \u00fcber uns.\u00bb Dieser un\u00fcberlegte Facebook-Kommentar hat Spiess sein Amt gekostet. Auch aus der Partei ist er ausgetreten.\u00a0 \u00c4hnlich SVP-Politiker Beat Mosimann, der auf Facebook\u00a0 von einem \u00abAsylantentsunami\u00bb und von Erschiessungen von Asylbewerbern sprach und so seine politische Karriere beendete bevor sie begann. Noch bekannter ist der Fall von Alexander M\u00fcller,\u00a0 dem sogenannten Kristallnacht-Twitterer. \u00a0Vom Twitter-Account @dailytalk ging ein Tweet folgenden Inhalts in die weite Welt hinaus: \u00abVielleicht brauchen wir wieder eine Kristallnacht &#8230; diesmal f\u00fcr Moscheen.\u00bb (Nachtrag: Herr M\u00fcller weist mich darauf hin, dass der Tweet unvollst\u00e4ndig widergegeben wurde, es fehlt folgendes am Schluss: &#8222;damit die Regierung aufwacht.&#8220;) M\u00fcller verlor &#8211; ungerechtfertigt &#8211; Job und Amt und musste aus seiner Partei austreten. Wahrscheinlich haben Spiess, M\u00fcller und Mosimann einfach ihrem \u00c4rger unbedarft Luft gemacht und gar nicht gemeint, was sie schrieben. Seit sich Teile der Strafjustiz aber in den Dienst der politischen Korrektheit gestellt haben und lieber bei twitternden SVP-Mitgliedern eine Hausdurchsuchung durchf\u00fchren als beim nigerianischen Drogendealer d\u00fcrfte es ratsam sein, einige Regeln zu beachten.<\/h5>\n<h5><\/h5>\n<h5>Niemals spontan schreiben<\/h5>\n<h5>Die erste Regel lautet: Keine spontanen \u00c4usserungen auf Twitter oder Facebook! Spontanes hat in den sozialen Medien entgegen einer landl\u00e4ufigen Meinung nichts zu suchen. Denn soziale Netzwerke sind nicht privat. Wer nicht seine Stelle, seine \u00c4mter und seinen unbefleckten Strafregisterauszug verlieren will, der betrachte Twitter und Facebook als \u00f6ffentliches Minenfeld. Ein solches betritt man nicht spontan, nicht unvorbereitet und nicht, wenn man getrunken hat. Twitter und Facebook verwende man gezielt, \u00fcberlegt und im Rahmen einer l\u00e4ngerfristigen \u00f6ffentlichen Strategie.<\/h5>\n<h5><\/h5>\n<h5>Vorsicht bei Meinungen<\/h5>\n<h5>Die zweite Regel lautet: Fakten publizieren, Vorsicht bei Meinungen. Meinungen k\u00f6nnen verletzen. Und Pers\u00f6nlichkeitsverletzungen sind strafrechtlich (Art. 173 ff. StGB) wie zivilrechtlich (Art. 28 ZGB) verboten. Im Gegensatz zur strafrechtlichen Ehrverletzungsklage sind beim zivilrechtlichen Pers\u00f6nlichkeitsschutz nicht nur die Ehre, sondern auch das berufliche Ansehen sowie das Privat- und das Familienleben gesch\u00fctzt. Sanktionen wegen Ehrverletzung, \u00fcbler Nachrede, Verleumdung, Beschimpfung und weiterer Delikte drohen dem unvorsichtigen Facebook-Nutzer. Am besten schreibt man nur Tatsachen, nur sicher Wahres. Meinungen, welche heikel sein k\u00f6nnten (\u201eWidmer-Schlumpf ist eine Verr\u00e4terin\u201c) kennzeichnet man mit einem Fragezeichen und versieht man mit einer Prise Humor (\u201eHat Widmer-Schlumpf ihre Parteikollegen verraten oder hat sie nur vergessen, in welcher Partei sie war\u2026?\u201c).<\/h5>\n<h5><\/h5>\n<h5>Verallgemeinerungen meiden<\/h5>\n<h5>Dritte Regel: Verallgemeinerungen meiden. Wir Menschen m\u00f6gen zwar Verallgemeinerungen (\u201eFrauen verdienen weniger\u201c) und niemand st\u00f6rt sich daran. Sobald aber bei fremden Menschen\u00a0 verallgemeinert wird, nennt man es Rassismus. Der entsprechende Artikel im Strafgesetzbuch war zwar urspr\u00fcnglich daf\u00fcr gedacht, schlimme rassistische Ausw\u00fcchse zu bestrafen. Mittlerweile hat sich der Artikel aber zu einem Instrument gegen die Meinungsfreiheit gewandelt, praktisch die gesamte SVP-Spitze sieht sich z.B. wegen eines harmlosen Inserats einem Strafverfahren ausgesetzt. Was erlaubt ist und was nicht, ist v\u00f6llig unklar und es gilt: Im Zweifel <em>gegen<\/em> den Angeklagten. Was tun? Vorsicht ist bei allen \u00c4usserungen geboten, in denen Worte wie Asiaten, Schwarze, Semiten, Tamilen, Sizilianer, Zigeuner, Juden, Hindus, Muslime, T\u00fcrken, Tunesier etc. verwendet werden. Heute abwertend verstandene Begriffe wie Zigeuner, Neger etc. lasse man aus. Statt \u201eAlbaner sind kriminell\u201c, \u201eDeutsche nutzen unseren Sozialstaat aus\u201c zu sagen halte man sich an die Fakten und sage \u201eAlbaner sind im Schnitt krimineller als Schweizer\u201c etc.. Auch Aufrufe zu Diskriminierung sind verboten, so z.B. der Aufruf, Nigerianer auszuweisen, sie nicht zu bedienen, ihnen keine Arbeit zu geben oder keine Wohnungen zu vermieten. Ausspr\u00fcche wie \u201eJugos? Nein danke!!!\u201c oder \u201eWir d\u00fcrfen Muslime nicht einb\u00fcrgern\u201c sind ebenso kritisch. Das Verweigern einer Leistung, welche der Allgemeinheit angeboten wird, z.B. \u201eBier nur f\u00fcr Schweizer\u201c, ist ebenfalls nicht statthaft. Alle diese \u00c4usserungen sind zwar nur in der \u00a0\u00d6ffentlichkeit verboten. Als privat gilt aber nur der Ort, wo man alle Personen pers\u00f6nlich kennt. Stammtisch, Facebook und Twitter sind \u00f6ffentlich.<\/h5>\n<h5><\/h5>\n<h5>Erlaubt: \u201eKriminelle Jugos? Nein danke!\u201c<\/h5>\n<h5>Zul\u00e4ssig sind demgegen\u00fcber alle Aussagen, welche sich nicht auf eine Rasse, Religion oder Nation beziehen, so z.B. Aussagen \u00fcber Blonde, S\u00fcdl\u00e4nder, Drittweltbewohner, S\u00fcdamerikaner, einige Schweizer oder gewisse Tunesier. Oder anders gesagt: Man muss seine Aussage immer einschr\u00e4nken; \u201eeinige\/gewisse\/eine Anzahl Nigerianer sind kriminell und daher auszuweisen\u201c. Ein Aufruf, <em>kriminelle<\/em> Albaner auszuweisen, sie nicht zu bedienen, ihnen keine Arbeit zu geben oder keine Wohnungen zu vermieten, d\u00fcrfte erlaubt sein, sicher sein kann man aber nicht. Erlaubt w\u00e4re aber zu sagen \u201eDiese Albaner sind mir einfach zu laut, ich mag sie nicht.\u201c, denn damit wird niemand diskriminiert. Oder: \u201eEinwanderer aus dem Kosovo haben einen hohen Anteil an der Kriminalit\u00e4t in der Schweiz.\u201c Die Aussage \u201eKriminelle Jugos? Nein danke!\u201c ist ebenfalls erlaubt. Auch zu sagen, Schweizer Muslime seien im Durchschnitt krimineller als Schweizer ist in Ordnung. Nicht integrierte Muslime nicht einzub\u00fcrgern darf man fordern. Man darf auch eine Wohnung oder Arbeitsstelle nur f\u00fcr Schweizer ausschreiben, denn es handelt sich nicht um eine Leistung, welche prinzipiell f\u00fcr alle angeboten wird. Jegliche kritischen Aussagen \u00fcber den Holocaust oder Relativierungen etc. sind zu unterlassen.<\/h5>\n<h5><\/h5>\n<h5>Fremde Bilder und Texte nur mit Quelle<\/h5>\n<h5>Vierte Regel: Fremde Bilder nur mit Text und Quelle. Wenn Bilder &#8211; und auch Texte &#8211; \u00a0im Internet \u00f6ffentlich zug\u00e4nglich sind, m\u00fcssen Urheberrechte beachtet werden. Jeder, der Inhalte online bereitstellt, sollte sich bewusst sein, dass er in der Regel in aller Welt gesehen und genutzt werden kann. Fremde Inhalte, pers\u00f6nliche Information oder Bilder von Dritten bergen die Gefahr von Urheberrechtsverletzungen etc. Ungenehmigte Verwendungen von Fotos oder Stadtplanausschnitten werden zum Teil rigoros verfolgt. Erlaubt ist prinzipiell nur, was man selber gemacht hat. Man muss auch hier darauf achten, dass man keine Pers\u00f6nlichkeitsrechte verletzt. Wenn auf einem Bild Personen als Hauptmotiv zu sehen sind, m\u00fcssen diese um Erlaubnis gebeten werden. Personen, die als Beiwerk auf dem Bild zu sehen sind (z.B. Passanten vor einem Stand zur Unterschriftensammlung), m\u00fcssen aber ebenso wenig um Erlaubnis gefragt werden, wie ber\u00fchmte Personen beim Aus\u00fcben ihres Amtes. Kommerzielle Produkte, Logos, Comics etc. d\u00fcrfen nur mit Erlaubnis fotografiert werden. Ausz\u00fcge aus fremden Texte m\u00fcssen als Zitat gekennzeichnet und die Quelle muss genannt werden.<\/h5>\n<h5><\/h5>\n<h5>Keine Angst vor neuen Medien<\/h5>\n<h5>Twitter, Facebook, Blogs oder Homepages sind keine virtuellen Stammtische, wo man sich das eine oder andere erlauben kann, sondern sie sind \u00f6ffentliche Foren. Angst vor neuen Medien sollte man dennoch nicht haben. Man merke sich f\u00fcr deren Gebrauch einfach Folgendes: Keine spontanen \u00c4usserungen auf Twitter oder Facebook! Fakten publizieren, Vorsicht bei Meinungen, Verallgemeinerungen meiden. Nur selbstgemachte Bilder ver\u00f6ffentlichen. Zitate als Zitat kennzeichnen und Quelle nennen. Wer dies beherzigt und allgemein etwas vorsichtig ist, kann eigentlich nichts falsch machen! Die neuen Medien sind eine unverzichtbare M\u00f6glichkeit, die traditionellen Medien, welche sehr oft gegen uns arbeiten, auszuhebeln. Nutzen wir die Chance!<\/h5>\n<h5><\/h5>\n<h5>Hermann Lei, Frauenfeld<\/h5>\n<h5><\/h5>\n<h5>Kleiner Ratgeber f\u00fcr Twitter und Facebook (zum Ausschneiden, aber ohne Gew\u00e4hr)<\/h5>\n<div>\n<h5>verboten:\u00a0\u00a0\u00a0\u00a0\u00a0\u00a0\u00a0\u00a0\u00a0\u00a0\u00a0\u00a0\u00a0\u00a0\u00a0\u00a0\u00a0\u00a0\u00a0\u00a0\u00a0\u00a0\u00a0\u00a0\u00a0\u00a0\u00a0\u00a0\u00a0\u00a0\u00a0\u00a0\u00a0\u00a0\u00a0\u00a0\u00a0\u00a0\u00a0\u00a0\u00a0\u00a0\u00a0\u00a0\u00a0\u00a0\u00a0\u00a0\u00a0\u00a0\u00a0\u00a0\u00a0\u00a0\u00a0\u00a0\u00a0\u00a0\u00a0\u00a0\u00a0\u00a0\u00a0\u00a0\u00a0\u00a0\u00a0\u00a0\u00a0\u00a0\u00a0\u00a0\u00a0\u00a0\u00a0\u00a0\u00a0\u00a0\u00a0\u00a0\u00a0\u00a0\u00a0\u00a0\u00a0\u00a0\u00a0\u00a0\u00a0\u00a0 erlaubt:<\/h5>\n<h5>\u201eWidmer-Schlumpf ist eine Verr\u00e4terin\u201c\u00a0\u00a0\u00a0\u00a0\u00a0\u00a0\u00a0\u00a0\u00a0\u00a0\u00a0\u00a0\u00a0\u00a0\u00a0\u00a0\u00a0\u00a0\u00a0\u00a0\u00a0\u00a0\u00a0\u00a0\u00a0\u00a0\u00a0\u00a0\u00a0\u00a0\u00a0\u00a0\u00a0\u00a0\u00a0\u00a0\u00a0\u00a0\u00a0 \u201eHat Widmer-Schlumpf ihre Parteikollegen verraten oder hat sie nur vergessen, in welcher Partei sie war?\u201c<\/h5>\n<h5>\u201eDarbellay ist ein Dorftrottel\u201c\u00a0\u00a0\u00a0\u00a0\u00a0\u00a0\u00a0\u00a0\u00a0\u00a0\u00a0\u00a0\u00a0\u00a0\u00a0\u00a0\u00a0\u00a0\u00a0\u00a0\u00a0\u00a0\u00a0\u00a0\u00a0\u00a0\u00a0\u00a0\u00a0\u00a0\u00a0\u00a0\u00a0\u00a0\u00a0\u00a0\u00a0\u00a0\u00a0\u00a0\u00a0\u00a0\u00a0\u00a0\u00a0\u00a0\u00a0\u00a0\u00a0\u00a0\u00a0\u00a0\u00a0\u00a0\u00a0\u00a0\u00a0 \u201eDarbellay wechselt die Meinung wie das Hemd\u201c<\/h5>\n<h5>\u201eJugos? Nein danke!\u201c\u00a0\u00a0\u00a0\u00a0\u00a0\u00a0\u00a0\u00a0\u00a0\u00a0\u00a0\u00a0\u00a0\u00a0\u00a0\u00a0\u00a0\u00a0\u00a0\u00a0\u00a0\u00a0\u00a0\u00a0\u00a0\u00a0\u00a0\u00a0\u00a0\u00a0\u00a0\u00a0\u00a0\u00a0\u00a0\u00a0\u00a0\u00a0\u00a0\u00a0\u00a0\u00a0\u00a0\u00a0\u00a0\u00a0\u00a0\u00a0\u00a0\u00a0\u00a0\u00a0\u00a0\u00a0\u00a0\u00a0\u00a0\u00a0\u00a0\u00a0\u00a0\u00a0\u00a0\u00a0\u00a0\u00a0\u00a0\u00a0\u00a0\u00a0\u00a0 \u201eKriminelle Jugos? Nein danke!\u201c<\/h5>\n<h5>\u201eAlbaner sind kriminell\u201c\u00a0\u00a0\u00a0\u00a0\u00a0\u00a0\u00a0\u00a0\u00a0\u00a0\u00a0\u00a0\u00a0\u00a0\u00a0\u00a0\u00a0\u00a0\u00a0\u00a0\u00a0\u00a0\u00a0\u00a0\u00a0\u00a0\u00a0\u00a0\u00a0\u00a0\u00a0\u00a0\u00a0\u00a0\u00a0\u00a0\u00a0\u00a0\u00a0\u00a0\u00a0\u00a0\u00a0\u00a0\u00a0\u00a0\u00a0\u00a0\u00a0\u00a0\u00a0\u00a0\u00a0\u00a0\u00a0\u00a0\u00a0\u00a0\u00a0\u00a0\u00a0\u00a0\u00a0\u00a0\u00a0\u00a0 \u201eAlbaner sind im Durchschnitt krimineller als Schweizer\u201c<\/h5>\n<h5>\u201eT\u00fcrken nutzen unseren Sozialstaat aus\u201c\u00a0\u00a0\u00a0\u00a0\u00a0\u00a0\u00a0\u00a0\u00a0\u00a0\u00a0\u00a0\u00a0\u00a0\u00a0\u00a0\u00a0\u00a0\u00a0\u00a0\u00a0\u00a0\u00a0\u00a0\u00a0\u00a0\u00a0\u00a0\u00a0\u00a0\u00a0\u00a0\u00a0\u00a0\u00a0\u00a0\u00a0 \u201eViele T\u00fcrken nutzen unseren Sozialstaat aus\u201c<\/h5>\n<h5>\u201eWir d\u00fcrfen Muslime nicht einb\u00fcrgern\u201c\u00a0\u00a0\u00a0\u00a0\u00a0\u00a0\u00a0\u00a0\u00a0\u00a0\u00a0\u00a0\u00a0\u00a0\u00a0\u00a0\u00a0\u00a0\u00a0\u00a0\u00a0\u00a0\u00a0\u00a0\u00a0\u00a0\u00a0\u00a0\u00a0\u00a0\u00a0\u00a0\u00a0\u00a0\u00a0\u00a0\u00a0\u00a0 \u201eWir d\u00fcrfen kriminelle Muslime nicht einb\u00fcrgern\u201c<\/h5>\n<h5>\u201eBier nur f\u00fcr Schweizer\u201c\u00a0\u00a0\u00a0\u00a0\u00a0\u00a0\u00a0\u00a0\u00a0\u00a0\u00a0\u00a0\u00a0\u00a0\u00a0\u00a0\u00a0\u00a0\u00a0\u00a0\u00a0\u00a0\u00a0\u00a0\u00a0\u00a0\u00a0\u00a0\u00a0\u00a0\u00a0\u00a0\u00a0\u00a0\u00a0\u00a0\u00a0\u00a0\u00a0\u00a0\u00a0\u00a0\u00a0\u00a0\u00a0\u00a0\u00a0\u00a0\u00a0\u00a0\u00a0\u00a0\u00a0\u00a0\u00a0\u00a0\u00a0\u00a0\u00a0\u00a0\u00a0\u00a0\u00a0\u00a0\u00a0 \u201eWohnung nur an Schweizer zu vermieten\u201c<\/h5>\n<h5>\u201eKosovaren schlitzen Schweizer auf\u201c\u00a0\u00a0\u00a0\u00a0\u00a0\u00a0\u00a0\u00a0\u00a0\u00a0\u00a0\u00a0\u00a0\u00a0\u00a0\u00a0\u00a0\u00a0\u00a0\u00a0\u00a0\u00a0\u00a0\u00a0\u00a0\u00a0\u00a0\u00a0\u00a0\u00a0\u00a0\u00a0\u00a0\u00a0\u00a0\u00a0\u00a0\u00a0\u00a0\u00a0\u00a0\u00a0\u00a0\u00a0 \u201e2 Kosovaren schlitzen 1 Schweizer auf\u201c<\/h5>\n<h5>Bilder mit fremden Person ver\u00f6ffentlichen\u00a0\u00a0\u00a0\u00a0\u00a0\u00a0\u00a0\u00a0\u00a0\u00a0\u00a0\u00a0\u00a0\u00a0\u00a0\u00a0\u00a0\u00a0\u00a0\u00a0\u00a0\u00a0\u00a0\u00a0\u00a0\u00a0\u00a0\u00a0\u00a0\u00a0\u00a0\u00a0 Bild mit fremder Person im Hintergrund, Bild mit Politiker<\/h5>\n<h5>Fremdes Bild, fremdes Logo etc.\u00a0\u00a0\u00a0\u00a0\u00a0\u00a0\u00a0\u00a0\u00a0\u00a0\u00a0\u00a0\u00a0\u00a0\u00a0\u00a0\u00a0\u00a0\u00a0\u00a0\u00a0\u00a0\u00a0\u00a0\u00a0\u00a0\u00a0\u00a0\u00a0\u00a0\u00a0\u00a0\u00a0\u00a0\u00a0\u00a0\u00a0\u00a0\u00a0\u00a0\u00a0\u00a0\u00a0\u00a0\u00a0\u00a0\u00a0\u00a0\u00a0\u00a0\u00a0 selbstgemachte Bilder, fremdes Bild etc. mit Erlaubnis<\/h5>\n<\/div>\n<h5><\/h5>\n<p><strong>Nachtrag 29.9.15 &#8222;Kristallnacht&#8220;<\/strong><\/p>\n<p>Folgendes wurde mir zugetragen, was ich der Ausgewogenheit willen ver\u00f6ffentlichen will:<\/p>\n<p>Frau Binswanger hat offensichtlich nie wirklich gesehen, was M\u00fcller auf seiner Twitter-Timeline geschrieben hat. Dies geht aus den folgenden Tweets hervor:<\/p>\n<p>Ich finde es nicht auf dailytalk-TL\u2026\u00a0 <a href=\"https:\/\/twitter.com\/mbinswanger\/status\/216847143942631424\">https:\/\/twitter.com\/mbinswanger\/status\/216847143942631424<\/a><\/p>\n<p>Er hats gel\u00f6scht\u2026 <a href=\"https:\/\/twitter.com\/KueddeR\/status\/216847351434854400\">https:\/\/twitter.com\/KueddeR\/status\/216847351434854400<\/a><br \/>\nDas war in welchem Zusammenhang? <a href=\"https:\/\/twitter.com\/mbinswanger\/status\/216850355504418817\">https:\/\/twitter.com\/mbinswanger\/status\/216850355504418817<\/a><br \/>\nIch weiss es nicht. 2-3 Zeugen fragen. <a href=\"https:\/\/twitter.com\/KueddeR\/status\/216850785764524033\">https:\/\/twitter.com\/KueddeR\/status\/216850785764524033<\/a><\/p>\n<p>Ich schreib jetzt was \u00fcber diese braunen SVP-Heinis <a href=\"https:\/\/twitter.com\/mbinswanger\/status\/216859226016989185\">https:\/\/twitter.com\/mbinswanger\/status\/216859226016989185<\/a><\/p>\n<p>Sie hat vor der Publikation ihres Artikels mit dem Titel: \u201eTweet von SVP-Mitglied fordert Kristallnacht f\u00fcr Moscheen\u201c auch nicht mit M\u00fcller gesprochen, wie die NZZ berichtet hat.<\/p>\n<p><a href=\"https:\/\/webpaper.nzz.ch\/2013\/02\/03\/schweiz\/K2JO9\/journalistin-hat-zu-schnell-geschossen?guest_pass=110dd13ffe%3AK2JO9%3A3859deb79c8f0923f4e5a79c26309c19bbd3f264\">https:\/\/webpaper.nzz.ch\/2013\/02\/03\/schweiz\/K2JO9\/journalistin-hat-zu-schnell-geschossen?guest_pass=110dd13ffe%3AK2JO9%3A3859deb79c8f0923f4e5a79c26309c19bbd3f264<\/a><\/p>\n<p>Sp\u00e4ter hat sie sich daf\u00fcr bei M\u00fcller entschuldigt (siehe Bild \u201eEntschuldigung\u201c).\u201c<\/p>\n<p>&nbsp;<\/p>\n<p>Frauenfeld, 29.9.15<\/p>\n<p><a href=\"https:\/\/hermannlei.ch\/wp-content\/uploads\/2015\/09\/Binswanger-Kueder_24062012_3.jpg\"><img loading=\"lazy\" decoding=\"async\" class=\"alignleft size-medium wp-image-621\" src=\"https:\/\/hermannlei.ch\/wp-content\/uploads\/2015\/09\/Binswanger-Kueder_24062012_3-300x127.jpg\" alt=\"Binswanger-Kueder_24062012_3\" width=\"300\" height=\"127\" srcset=\"https:\/\/hermannlei.ch\/wp-content\/uploads\/2015\/09\/Binswanger-Kueder_24062012_3-300x127.jpg 300w, https:\/\/hermannlei.ch\/wp-content\/uploads\/2015\/09\/Binswanger-Kueder_24062012_3.jpg 928w\" sizes=\"auto, (max-width: 300px) 100vw, 300px\" \/><\/a> <a href=\"https:\/\/hermannlei.ch\/wp-content\/uploads\/2015\/09\/Binswanger-Kuedder_24062012_4.jpg\"><img loading=\"lazy\" decoding=\"async\" class=\"alignleft size-medium wp-image-620\" src=\"https:\/\/hermannlei.ch\/wp-content\/uploads\/2015\/09\/Binswanger-Kuedder_24062012_4-300x142.jpg\" alt=\"Binswanger-Kuedder_24062012_4\" width=\"300\" height=\"142\" srcset=\"https:\/\/hermannlei.ch\/wp-content\/uploads\/2015\/09\/Binswanger-Kuedder_24062012_4-300x142.jpg 300w, https:\/\/hermannlei.ch\/wp-content\/uploads\/2015\/09\/Binswanger-Kuedder_24062012_4.jpg 925w\" sizes=\"auto, (max-width: 300px) 100vw, 300px\" \/><\/a> <a href=\"https:\/\/hermannlei.ch\/wp-content\/uploads\/2015\/09\/Binswanger-Kuedder_24062012_2.jpg\"><img loading=\"lazy\" decoding=\"async\" class=\"alignleft size-medium wp-image-619\" src=\"https:\/\/hermannlei.ch\/wp-content\/uploads\/2015\/09\/Binswanger-Kuedder_24062012_2-300x120.jpg\" alt=\"Binswanger-Kuedder_24062012_2\" width=\"300\" height=\"120\" srcset=\"https:\/\/hermannlei.ch\/wp-content\/uploads\/2015\/09\/Binswanger-Kuedder_24062012_2-300x120.jpg 300w, https:\/\/hermannlei.ch\/wp-content\/uploads\/2015\/09\/Binswanger-Kuedder_24062012_2.jpg 925w\" sizes=\"auto, (max-width: 300px) 100vw, 300px\" \/><\/a> <a href=\"https:\/\/hermannlei.ch\/wp-content\/uploads\/2015\/09\/Binswanger-Kuedder_24062012_1.jpg\"><img loading=\"lazy\" decoding=\"async\" class=\"alignleft size-medium wp-image-618\" src=\"https:\/\/hermannlei.ch\/wp-content\/uploads\/2015\/09\/Binswanger-Kuedder_24062012_1-300x142.jpg\" alt=\"Binswanger-Kuedder_24062012_1\" width=\"300\" height=\"142\" srcset=\"https:\/\/hermannlei.ch\/wp-content\/uploads\/2015\/09\/Binswanger-Kuedder_24062012_1-300x142.jpg 300w, https:\/\/hermannlei.ch\/wp-content\/uploads\/2015\/09\/Binswanger-Kuedder_24062012_1.jpg 921w\" sizes=\"auto, (max-width: 300px) 100vw, 300px\" \/><\/a> <a href=\"https:\/\/hermannlei.ch\/wp-content\/uploads\/2015\/09\/Newsmaen-Binswanger_24062012_6.jpg\"><img loading=\"lazy\" decoding=\"async\" class=\"alignleft size-medium wp-image-614\" src=\"https:\/\/hermannlei.ch\/wp-content\/uploads\/2015\/09\/Newsmaen-Binswanger_24062012_6-300x125.jpg\" alt=\"Newsmaen-Binswanger_24062012_6\" width=\"300\" height=\"125\" srcset=\"https:\/\/hermannlei.ch\/wp-content\/uploads\/2015\/09\/Newsmaen-Binswanger_24062012_6-300x125.jpg 300w, https:\/\/hermannlei.ch\/wp-content\/uploads\/2015\/09\/Newsmaen-Binswanger_24062012_6-1024x425.jpg 1024w, https:\/\/hermannlei.ch\/wp-content\/uploads\/2015\/09\/Newsmaen-Binswanger_24062012_6.jpg 1175w\" sizes=\"auto, (max-width: 300px) 100vw, 300px\" \/><\/a> <a href=\"https:\/\/hermannlei.ch\/wp-content\/uploads\/2015\/09\/Newsmaen-Binswanger_24062012_5.jpg\"><img loading=\"lazy\" decoding=\"async\" class=\"alignleft size-medium wp-image-613\" src=\"https:\/\/hermannlei.ch\/wp-content\/uploads\/2015\/09\/Newsmaen-Binswanger_24062012_5-300x142.jpg\" alt=\"Newsmaen-Binswanger_24062012_5\" width=\"300\" height=\"142\" srcset=\"https:\/\/hermannlei.ch\/wp-content\/uploads\/2015\/09\/Newsmaen-Binswanger_24062012_5-300x142.jpg 300w, https:\/\/hermannlei.ch\/wp-content\/uploads\/2015\/09\/Newsmaen-Binswanger_24062012_5.jpg 922w\" sizes=\"auto, (max-width: 300px) 100vw, 300px\" \/><\/a> <a href=\"https:\/\/hermannlei.ch\/wp-content\/uploads\/2015\/09\/manuel_cadonau_2.jpg\"><img loading=\"lazy\" decoding=\"async\" class=\"alignleft size-medium wp-image-612\" src=\"https:\/\/hermannlei.ch\/wp-content\/uploads\/2015\/09\/manuel_cadonau_2-300x200.jpg\" alt=\"manuel_cadonau_2\" width=\"300\" height=\"200\" srcset=\"https:\/\/hermannlei.ch\/wp-content\/uploads\/2015\/09\/manuel_cadonau_2-300x200.jpg 300w, https:\/\/hermannlei.ch\/wp-content\/uploads\/2015\/09\/manuel_cadonau_2.jpg 970w\" sizes=\"auto, (max-width: 300px) 100vw, 300px\" \/><\/a> <a href=\"https:\/\/hermannlei.ch\/wp-content\/uploads\/2015\/09\/Entschuldigung.png\"><img loading=\"lazy\" decoding=\"async\" class=\"alignleft size-medium wp-image-611\" src=\"https:\/\/hermannlei.ch\/wp-content\/uploads\/2015\/09\/Entschuldigung-300x132.png\" alt=\"Entschuldigung\" width=\"300\" height=\"132\" srcset=\"https:\/\/hermannlei.ch\/wp-content\/uploads\/2015\/09\/Entschuldigung-300x132.png 300w, https:\/\/hermannlei.ch\/wp-content\/uploads\/2015\/09\/Entschuldigung.png 744w\" sizes=\"auto, (max-width: 300px) 100vw, 300px\" \/><\/a> <a href=\"https:\/\/hermannlei.ch\/wp-content\/uploads\/2015\/09\/Cadonau_Binswanger.jpg\"><img loading=\"lazy\" decoding=\"async\" class=\"alignleft size-medium wp-image-610\" src=\"https:\/\/hermannlei.ch\/wp-content\/uploads\/2015\/09\/Cadonau_Binswanger-300x162.jpg\" alt=\"Cadonau_Binswanger\" width=\"300\" height=\"162\" srcset=\"https:\/\/hermannlei.ch\/wp-content\/uploads\/2015\/09\/Cadonau_Binswanger-300x162.jpg 300w, https:\/\/hermannlei.ch\/wp-content\/uploads\/2015\/09\/Cadonau_Binswanger-1024x552.jpg 1024w, https:\/\/hermannlei.ch\/wp-content\/uploads\/2015\/09\/Cadonau_Binswanger.jpg 1366w\" sizes=\"auto, (max-width: 300px) 100vw, 300px\" \/><\/a><\/p>\n","protected":false},"excerpt":{"rendered":"<div style=\"padding-bottom:20px; padding-top:10px;\" class=\"hupso-share-buttons\"><!-- Hupso Share Buttons - https:\/\/www.hupso.com\/share\/ --><a class=\"hupso_toolbar\" href=\"https:\/\/www.hupso.com\/share\/\"><img src=\"https:\/\/static.hupso.com\/share\/buttons\/lang\/de\/share-small.png\" style=\"border:0px; padding-top: 5px; float:left;\" alt=\"Share Button\"\/><\/a><script type=\"text\/javascript\">var hupso_services_t=new Array(\"Twitter\",\"Facebook\",\"Google Plus\",\"Pinterest\",\"Linkedin\",\"Digg\",\"Bebo\",\"Delicious\",\"Print\");var hupso_background_t=\"#EAF4FF\";var hupso_border_t=\"#66CCFF\";var hupso_toolbar_size_t=\"small\";var hupso_image_folder_url = \"\";var hupso_url_t=\"\";var hupso_title_t=\"24.2.13%20Politiker-Patzer%20auf%20Twitter%20und%20Facebook\";<\/script><script type=\"text\/javascript\" src=\"https:\/\/static.hupso.com\/share\/js\/share_toolbar.js\"><\/script><!-- Hupso Share Buttons --><\/div><p>Was darf man schreiben und sagen, was nicht? Soziale Medien sind im Trend. Politiker nutzen den Kurznachrichtendienst Twitter, um ihre Meinung zu verk\u00fcnden. Parteihelfer mobilisieren \u00fcber Facebook f\u00fcr ihren Anlass. Und Parteien versuchen, das Informationsmonopol der Mainstreammedien zu brechen,\u00a0 in &hellip; <a href=\"https:\/\/hermannlei.ch\/?p=289\">Weiterlesen <span class=\"meta-nav\">&rarr;<\/span><\/a><\/p>\n","protected":false},"author":2,"featured_media":295,"comment_status":"open","ping_status":"open","sticky":false,"template":"","format":"standard","meta":{"footnotes":""},"categories":[],"tags":[],"class_list":["post-289","post","type-post","status-publish","format-standard","has-post-thumbnail","hentry"],"_links":{"self":[{"href":"https:\/\/hermannlei.ch\/index.php?rest_route=\/wp\/v2\/posts\/289","targetHints":{"allow":["GET"]}}],"collection":[{"href":"https:\/\/hermannlei.ch\/index.php?rest_route=\/wp\/v2\/posts"}],"about":[{"href":"https:\/\/hermannlei.ch\/index.php?rest_route=\/wp\/v2\/types\/post"}],"author":[{"embeddable":true,"href":"https:\/\/hermannlei.ch\/index.php?rest_route=\/wp\/v2\/users\/2"}],"replies":[{"embeddable":true,"href":"https:\/\/hermannlei.ch\/index.php?rest_route=%2Fwp%2Fv2%2Fcomments&post=289"}],"version-history":[{"count":14,"href":"https:\/\/hermannlei.ch\/index.php?rest_route=\/wp\/v2\/posts\/289\/revisions"}],"predecessor-version":[{"id":633,"href":"https:\/\/hermannlei.ch\/index.php?rest_route=\/wp\/v2\/posts\/289\/revisions\/633"}],"wp:featuredmedia":[{"embeddable":true,"href":"https:\/\/hermannlei.ch\/index.php?rest_route=\/wp\/v2\/media\/295"}],"wp:attachment":[{"href":"https:\/\/hermannlei.ch\/index.php?rest_route=%2Fwp%2Fv2%2Fmedia&parent=289"}],"wp:term":[{"taxonomy":"category","embeddable":true,"href":"https:\/\/hermannlei.ch\/index.php?rest_route=%2Fwp%2Fv2%2Fcategories&post=289"},{"taxonomy":"post_tag","embeddable":true,"href":"https:\/\/hermannlei.ch\/index.php?rest_route=%2Fwp%2Fv2%2Ftags&post=289"}],"curies":[{"name":"wp","href":"https:\/\/api.w.org\/{rel}","templated":true}]}}