{"id":302,"date":"2013-04-15T06:30:27","date_gmt":"2013-04-15T06:30:27","guid":{"rendered":"https:\/\/hermannlei.ch\/?p=302"},"modified":"2013-04-15T06:30:27","modified_gmt":"2013-04-15T06:30:27","slug":"15-4-13-die-neuen-sonnenkonige","status":"publish","type":"post","link":"https:\/\/hermannlei.ch\/?p=302","title":{"rendered":"15.4.13 Die neuen Sonnenk\u00f6nige"},"content":{"rendered":"<div style=\"padding-bottom:20px; padding-top:10px;\" class=\"hupso-share-buttons\"><!-- Hupso Share Buttons - https:\/\/www.hupso.com\/share\/ --><a class=\"hupso_toolbar\" href=\"https:\/\/www.hupso.com\/share\/\"><img decoding=\"async\" src=\"https:\/\/static.hupso.com\/share\/buttons\/lang\/de\/share-small.png\" style=\"border:0px; padding-top: 5px; float:left;\" alt=\"Share Button\"\/><\/a><script type=\"text\/javascript\">var hupso_services_t=new Array(\"Twitter\",\"Facebook\",\"Google Plus\",\"Pinterest\",\"Linkedin\",\"Digg\",\"Bebo\",\"Delicious\",\"Print\");var hupso_background_t=\"#EAF4FF\";var hupso_border_t=\"#66CCFF\";var hupso_toolbar_size_t=\"small\";var hupso_image_folder_url = \"\";var hupso_url_t=\"\";var hupso_title_t=\"15.4.13%20Die%20neuen%20Sonnenk%C3%B6nige\";<\/script><script type=\"text\/javascript\" src=\"https:\/\/static.hupso.com\/share\/js\/share_toolbar.js\"><\/script><!-- Hupso Share Buttons --><\/div><p><span style=\"text-decoration: underline;\">Alte Herren, neue Herren<\/span><\/p>\n<p><strong>Die neuen Sonnenk\u00f6nige<\/strong><\/p>\n<p><strong>Jahrhundertelang haben die B\u00fcrger Europas daf\u00fcr gek\u00e4mpft, ihr absolutistisches Joch abzuwerfen. Die absolute Macht der Obrigkeit konnte mit einer unabh\u00e4ngigen Gerichtsbarkeit einged\u00e4mmt werden. Doch nun hat sich diese Gerichtsbarkeit gegen die eigene B\u00fcrgerschaft gewendet: das oberste Gericht der Schweiz stellt sich &#8211; entfesselt, \u00fcbergesetzlich,\u00a0 unkontrollierbar &#8211; in den Dienst der Herren, welche die Schweizer seit 1291 loswerden wollten; in den Dienst des europ\u00e4ischen Richterabsolutismus. Die Richter sind die Sonnenk\u00f6nige der Moderne.<\/strong><\/p>\n<p>&nbsp;<\/p>\n<p><strong>Putsch des Bundesgerichts<\/strong><\/p>\n<p>Ein neueres Urteil des Bundesgerichtes bestimmt, dass die EU, seine \u00fcbergeordnete Wertegemeinschaft und deren Entscheidungen, inkl. die dynamische Weiterentwicklung der Europ\u00e4ischen Menschenrechtskonvention, f\u00fcr uns verbindlich seien. Das Bundesgericht hat damit\u00a0 einen Staatsputsch durch die Hintert\u00fcre inszeniert. Der Entscheid ist aber nicht nur verfassungswidrig, sondern auch falsch: Das heutige real existierende Europa ist keine \u00fcbergeordnete Wertegemeinschaft. Es hat sich vielmehr zu einem immer zentralistischer werdenden b\u00fcrokratischen Monster entwickelt. Nicht nur die nationalen Gerichtsh\u00f6fe und Nationalbanken, sondern auch die nationalen Parlamente werden ausgehebelt und ihrer Kompetenzen entkleidet. In Br\u00fcssel herrscht ein Furor, welcher s\u00e4mtliche historisch bedingten, liberal und konservativ fundierten Unterschiede zwischen den Staaten einebnet. Es ist falsch, sich dem zu unterwerfen.<\/p>\n<p>&nbsp;<\/p>\n<p><strong>Der Staat bin ich!<\/strong><\/p>\n<p>Gewaltenteilung ist die Verteilung der <a title=\"Staatsgewalt\" href=\"https:\/\/de.wikipedia.org\/wiki\/Staatsgewalt\"><span style=\"text-decoration: underline;\">Staatsgewalt<\/span><\/a> auf mehrere <a title=\"Staatsorgan\" href=\"https:\/\/de.wikipedia.org\/wiki\/Staatsorgan\"><span style=\"text-decoration: underline;\">Staatsorgane<\/span><\/a> zum Zwecke der <a title=\"Macht\" href=\"https:\/\/de.wikipedia.org\/wiki\/Macht\"><span style=\"text-decoration: underline;\">Machtbegrenzung<\/span><\/a> und der Sicherung von <a title=\"Freiheit\" href=\"https:\/\/de.wikipedia.org\/wiki\/Freiheit\"><span style=\"text-decoration: underline;\">Freiheit<\/span><\/a> und <a title=\"Gleichheit\" href=\"https:\/\/de.wikipedia.org\/wiki\/Gleichheit\"><span style=\"text-decoration: underline;\">Gleichheit<\/span><\/a>. Sie ist heute Bestandteil jeder Demokratie. Im 18. Jahrhundert war hingegen der k\u00f6nigliche Absolutismus normal: \u201eL&#8217;\u00c9tat, c\u2019est moi! \u2013 Der Staat bin ich!\u201c war die Devise. Montesquieu, der Vordenker der Aufkl\u00e4rung, wollte zum Schutz des B\u00fcrgers die richterliche Gewalt von der Exekutivgewalt entkoppeln. \u00a0Die modernen Demokratien haben dann das Problem von Recht und Macht verschieden gel\u00f6st. Die Amerikaner z.B. haben ein System von \u201eGleichgewichten und Herausforderungen\u201c (Checks and Balances), mit einem Quasi\u2013Monarchen als Haupt der Exekutive, kontrolliert von einer m\u00e4chtigen Legislative. In der Schweiz wird nur das Parlament vom Volk gew\u00e4hlt, welches seinerseits die Bundesrichter und die Bundesr\u00e4te w\u00e4hlt.<\/p>\n<p>&nbsp;<\/p>\n<p><strong>Unter fremder Fuchtel<\/strong><\/p>\n<p>Die drei Gewalten sind in Wirklichkeit also gar nicht v\u00f6llig unabh\u00e4ngig voneinander, sie h\u00e4ngen \u00fcberdies direkt und indirekt von der Quelle der Souverenit\u00e4t, vom Volke, ab. Wer das Volk aus dem Entscheidfindungsprozess verdr\u00e4ngt und allein die Judikative bestimmen l\u00e4sst, zerst\u00f6rt jahrhundertealte Errungenschaften.\u00a0 Und er f\u00f6rdert \u2013 gewissermassen als Nebenprodukt &#8211;\u00a0 die Integration in Europa. Staatssekret\u00e4r Blankart meinte einmal, die Geschichte der Schweiz sei charakterisiert durch die allm\u00e4hliche Losl\u00f6sung vom Heiligen R\u00f6mischen Reich Deutscher Nation. Heute nun, beginne die umgekehrte Entwicklung. Er hat recht damit. Das Urteil des Bundesgerichts hat uns mit einem Schlag wieder unter die Fuchtel unserer grossen Nachbarn gebracht.<\/p>\n<p>&nbsp;<\/p>\n<p><strong>Knechtschaft durch Richter<\/strong><\/p>\n<p>In Jahrhunderten haben wir Schweizer uns von einer zentralistisch gesinnten, absoluten\u00a0 Elite l\u00f6sen k\u00f6nnen. Wir k\u00f6nnen stolz sein auf unsere Unabh\u00e4ngigkeit von Grossreichen, auf die fein austarierte Demokratie, in der niemand zu stark werden kann. Mit dem Urteil des Bundesgerichts erfolgt nun aber ein R\u00fcckschritt in voraufkl\u00e4rerische Zeiten. Die Zukunft unserer Demokratie steht damit auf dem Spiel. Der Entscheid des Bundesgerichts macht das Schweizer Volk und seine Institutionen wehrlos und gef\u00e4hrdet damit die Loyalit\u00e4t unserer demokratisch erzogenen B\u00fcrger gegen\u00fcber dem Land.<\/p>\n<p>Das Bundesgericht hat uns mit einem Federstrich absolutistische Zeiten bef\u00f6rdert: Unter die Macht der Sonnenk\u00f6nige der Moderne, der EU-Richter. Wir sind damit wieder abh\u00e4ngig von volksfernen Eliten in Europa. Dass dieser Prozess durch das oberste Gericht eingeleitet wurde, welches eigentlich daf\u00fcr geschaffen wurde, uns vor Willk\u00fcr durch die Herrschenden zu sch\u00fctzen, ist besonders tragisch.<\/p>\n<p>&nbsp;<\/p>\n<p>Hermann Lei, Frauenfeld<\/p>\n","protected":false},"excerpt":{"rendered":"<div style=\"padding-bottom:20px; padding-top:10px;\" class=\"hupso-share-buttons\"><!-- Hupso Share Buttons - https:\/\/www.hupso.com\/share\/ --><a class=\"hupso_toolbar\" href=\"https:\/\/www.hupso.com\/share\/\"><img src=\"https:\/\/static.hupso.com\/share\/buttons\/lang\/de\/share-small.png\" style=\"border:0px; padding-top: 5px; float:left;\" alt=\"Share Button\"\/><\/a><script type=\"text\/javascript\">var hupso_services_t=new Array(\"Twitter\",\"Facebook\",\"Google Plus\",\"Pinterest\",\"Linkedin\",\"Digg\",\"Bebo\",\"Delicious\",\"Print\");var hupso_background_t=\"#EAF4FF\";var hupso_border_t=\"#66CCFF\";var hupso_toolbar_size_t=\"small\";var hupso_image_folder_url = \"\";var hupso_url_t=\"\";var hupso_title_t=\"15.4.13%20Die%20neuen%20Sonnenk%C3%B6nige\";<\/script><script type=\"text\/javascript\" src=\"https:\/\/static.hupso.com\/share\/js\/share_toolbar.js\"><\/script><!-- Hupso Share Buttons --><\/div><p>Alte Herren, neue Herren Die neuen Sonnenk\u00f6nige Jahrhundertelang haben die B\u00fcrger Europas daf\u00fcr gek\u00e4mpft, ihr absolutistisches Joch abzuwerfen. Die absolute Macht der Obrigkeit konnte mit einer unabh\u00e4ngigen Gerichtsbarkeit einged\u00e4mmt werden. Doch nun hat sich diese Gerichtsbarkeit gegen die eigene B\u00fcrgerschaft &hellip; <a href=\"https:\/\/hermannlei.ch\/?p=302\">Weiterlesen <span class=\"meta-nav\">&rarr;<\/span><\/a><\/p>\n","protected":false},"author":2,"featured_media":0,"comment_status":"open","ping_status":"open","sticky":false,"template":"","format":"standard","meta":{"footnotes":""},"categories":[],"tags":[],"class_list":["post-302","post","type-post","status-publish","format-standard","hentry"],"_links":{"self":[{"href":"https:\/\/hermannlei.ch\/index.php?rest_route=\/wp\/v2\/posts\/302","targetHints":{"allow":["GET"]}}],"collection":[{"href":"https:\/\/hermannlei.ch\/index.php?rest_route=\/wp\/v2\/posts"}],"about":[{"href":"https:\/\/hermannlei.ch\/index.php?rest_route=\/wp\/v2\/types\/post"}],"author":[{"embeddable":true,"href":"https:\/\/hermannlei.ch\/index.php?rest_route=\/wp\/v2\/users\/2"}],"replies":[{"embeddable":true,"href":"https:\/\/hermannlei.ch\/index.php?rest_route=%2Fwp%2Fv2%2Fcomments&post=302"}],"version-history":[{"count":3,"href":"https:\/\/hermannlei.ch\/index.php?rest_route=\/wp\/v2\/posts\/302\/revisions"}],"predecessor-version":[{"id":305,"href":"https:\/\/hermannlei.ch\/index.php?rest_route=\/wp\/v2\/posts\/302\/revisions\/305"}],"wp:attachment":[{"href":"https:\/\/hermannlei.ch\/index.php?rest_route=%2Fwp%2Fv2%2Fmedia&parent=302"}],"wp:term":[{"taxonomy":"category","embeddable":true,"href":"https:\/\/hermannlei.ch\/index.php?rest_route=%2Fwp%2Fv2%2Fcategories&post=302"},{"taxonomy":"post_tag","embeddable":true,"href":"https:\/\/hermannlei.ch\/index.php?rest_route=%2Fwp%2Fv2%2Ftags&post=302"}],"curies":[{"name":"wp","href":"https:\/\/api.w.org\/{rel}","templated":true}]}}