{"id":306,"date":"2013-04-15T06:32:56","date_gmt":"2013-04-15T06:32:56","guid":{"rendered":"https:\/\/hermannlei.ch\/?p=306"},"modified":"2013-04-16T08:52:36","modified_gmt":"2013-04-16T08:52:36","slug":"15-4-13-neger-zigeuner-und-das-rosslein-hu","status":"publish","type":"post","link":"https:\/\/hermannlei.ch\/?p=306","title":{"rendered":"15.4.13 Neger, Zigeuner und das R\u00f6sslein H\u00fc"},"content":{"rendered":"<div style=\"padding-bottom:20px; padding-top:10px;\" class=\"hupso-share-buttons\"><!-- Hupso Share Buttons - https:\/\/www.hupso.com\/share\/ --><a class=\"hupso_toolbar\" href=\"https:\/\/www.hupso.com\/share\/\"><img decoding=\"async\" src=\"https:\/\/static.hupso.com\/share\/buttons\/lang\/de\/share-small.png\" style=\"border:0px; padding-top: 5px; float:left;\" alt=\"Share Button\"\/><\/a><script type=\"text\/javascript\">var hupso_services_t=new Array(\"Twitter\",\"Facebook\",\"Google Plus\",\"Pinterest\",\"Linkedin\",\"Digg\",\"Bebo\",\"Delicious\",\"Print\");var hupso_background_t=\"#EAF4FF\";var hupso_border_t=\"#66CCFF\";var hupso_toolbar_size_t=\"small\";var hupso_image_folder_url = \"\";var hupso_url_t=\"\";var hupso_title_t=\"15.4.13%20Neger%2C%20Zigeuner%20und%20das%20R%C3%B6sslein%20H%C3%BC\";<\/script><script type=\"text\/javascript\" src=\"https:\/\/static.hupso.com\/share\/js\/share_toolbar.js\"><\/script><!-- Hupso Share Buttons --><\/div><p><span style=\"text-decoration: underline;\">In den Niederungen politischer Korrektheit<\/span><\/p>\n<p><strong>Neger, Zigeuner und das R<\/strong><strong>\u00f6<\/strong><strong>sslein H<\/strong><strong>\u00fc<\/strong><strong><\/strong><\/p>\n<p><a href=\"https:\/\/hermannlei.ch\/wp-content\/uploads\/2013\/04\/130329-Globi-Neger-in-Sicht.png\"><img loading=\"lazy\" decoding=\"async\" class=\"alignleft size-medium wp-image-310\" title=\"130329 Globi Neger in Sicht\" src=\"https:\/\/hermannlei.ch\/wp-content\/uploads\/2013\/04\/130329-Globi-Neger-in-Sicht-300x171.png\" alt=\"\" width=\"300\" height=\"171\" srcset=\"https:\/\/hermannlei.ch\/wp-content\/uploads\/2013\/04\/130329-Globi-Neger-in-Sicht-300x171.png 300w, https:\/\/hermannlei.ch\/wp-content\/uploads\/2013\/04\/130329-Globi-Neger-in-Sicht.png 461w\" sizes=\"auto, (max-width: 300px) 100vw, 300px\" \/><\/a><\/p>\n<p><strong>Hexen, Wasserm<\/strong><strong>\u00e4<\/strong><strong>nner, R<\/strong><strong>\u00e4<\/strong><strong>uber <\/strong><strong>\u2013<\/strong><strong> aber keine <\/strong><strong>\u201e<\/strong><strong>Neger<\/strong><strong>\u201c<\/strong><strong>. Der Thienemann-Verlag streicht diskriminierende Begriffe aus den Kinderbuchklassikern des k<\/strong><strong>\u00fc<\/strong><strong>rzlich verstorbenen Otfried Preussler. Auch in den Neuausgaben Astrid Lindgrens wurde Pipis Vater vom <\/strong><strong>\u201e<\/strong><strong>Negerk<\/strong><strong>\u00f6<\/strong><strong>nig<\/strong><strong>\u201c<\/strong><strong> zum S<\/strong><strong>\u00fc<\/strong><strong>dseeherrscher. Ein Streifzug durch B<\/strong><strong>\u00fc<\/strong><strong>cher meiner Kindheit und die Niederungen der politischen Korrektheit.<\/strong><strong><\/strong><\/p>\n<p><strong>\u00a0<\/strong><\/p>\n<p>Ich lese meinen Kindern abends gerne ein Kapitel aus \u201eDas R\u00f6sslein H\u00fc\u201c vor. Leider ist die Kindergeschichte politisch unkorrekt: Das R\u00f6sslein \u201eH\u00fc soll von den Negern gebraten werden\u201c, so die Titel\u00fcberschrift eines Kapitels. In einer sp\u00e4teren Auflage meines R\u00f6sslein H\u00fc (Ausgabe 1979) steht schon nicht mehr \u201eH\u00fc soll von den Negern gebraten werden\u201c sondern \u201eH\u00fc soll von den Wilden gebraten werden\u201c. Allerdings kommen im Text die Neger immer noch geh\u00e4uft vor. Und auch im Globibuch treiben Neger ihr Unwesen (vgl. Bild). Damit soll nun Schluss sein. Kinderbuchklassiker, welche tausende Kinder und viele Generationen junger Menschen begleitet haben wie \u201eDie kleine Hexe\u201c werden k\u00fcnftig ohne Begriffe wie \u201eNegerlein\u201c und \u201eNeger\u201c erscheinen. \u201eWir werden alle unsere Klassiker durchforsten\u201c k\u00fcndigen die Verlage an. Die umstrittenen W\u00f6rter w\u00fcrden dabei nicht ersetzt, sondern ganz gestrichen, es sei notwendig, B\u00fccher an den sprachlichen und politischen Wandel anzupassen. Auch Erwachsenen wird kein eigenst\u00e4ndiges Urteil zugetraut: So wird zum Beispiel auch Agatha Christies Krimi &#8222;Zehn kleine Negerlein&#8220; umgetauft.<\/p>\n<p>&nbsp;<\/p>\n<p>&nbsp;<\/p>\n<p><strong>Waffelgest\u00fctzter <a href=\"https:\/\/de.wikipedia.org\/wiki\/eischnee\">Eiweissschaum<\/a> mit Schokoladen\u00fcberzug<\/strong><\/p>\n<p>Und so gibt es keine Neger mehr und sie wohnen auch nicht mehr in Obervolta sondern in Burkina Faso. Statt Neger verwendet man heute mit ehrf\u00fcrchtigem Unterton \u201eSchwarzer\u201c. Mit dem massenhaften Auftreten krimineller Schwarzer hat indes auch diese Bezeichnung bereits einen negativen Unterton. Also muss eine neue Bezeichnung her, man spricht von Menschen mit schwarzer Hautfarbe. Und das R\u00f6sslein H\u00fc wird wohl in Zukunft von Neonazis gebraten. Ganz politisch korrekt essen meine Kinder auch keine Mohrenk\u00f6pfe mehr sondern \u201eWaffelgest\u00fctzten <a href=\"https:\/\/de.wikipedia.org\/wiki\/eischnee\">Eiweissschaum<\/a> mit Schokoladen\u00fcberzug\u201c. \u00a0In der Schule spielt man sodann nicht mehr \u201eWer hat Angst vor dem schwarzen Mann?\u201c. Denn die Rassismuskommission EKR fordert Schulen auf, das Spiel abzuschaffen\u00a0 und stattdessen Rassismus und seine Auswirkungen zu thematisieren.<\/p>\n<p>&nbsp;<\/p>\n<p><strong>Wie nenne ich einen Zigeuner richtig?<\/strong><\/p>\n<p>Die Hauptfigur aus einem anderen Buch klaut gewohnheitsm\u00e4ssig und br\u00e4t Igel \u00fcber dem Feuer. Es ist ein Zigeuner. Ich ahne, dass ich nur schon mit dem Wort Zigeuner etwas falsch mache. Und richtig: Der \u201eZentralrat\u00a0 Deutscher Sinti und Roma\u201c findet es beleidigend, wenn man von Zigeunern spricht, deshalb hat sich in Deutschland im offiziellen Sprachgebrauch \u201eSinti und Roma\u201c eingeb\u00fcrgert. In der Schweiz ist alles noch viel komplizierter. Die Rassismuskommission EKR kl\u00e4rt uns auf, wie wir Zigeuner politisch korrekt nennen m\u00fcssen. Sie heissen n\u00e4mlich Jenische, lernen wir. Daneben gebe es aber auch den Begriff \u201eRoma\u201c oder eben \u201eSinti\u201c. In der Schweiz lebten aber auch einige \u201eManouches\u201c. Wieder eine andere Benennung f\u00fcr Zigeuner sei Gitans (Kal\u00e9s), welche in Spanien und S\u00fcdfrankreich zu finden seien. Oder man nennt die Zigeuner Fahrende, Roman\u00e9s, Gadschao oder schlicht MEM (mobile ethnische Minderheit). Das Vorlesen wird damit f\u00fcr die Kinder etwas anstrengend: \u201eDer Rom\/Sint\/Manouche\/Gitan\/Kal\u00e9\/Fahrende\/Roman\u00e9\/Gadschao\/MEM br\u00e4t einen Igel.\u201c muss es neu und korrekt heissen.<\/p>\n<p>&nbsp;<\/p>\n<p><strong>Meine Kinder kriegt ihr nicht!<\/strong><\/p>\n<p>Die politisch korrekte Zensur von Begriffen hat System. Schon George Orwell beschrieb in seinem Klassiker &#8222;1984&#8220; die vom herrschenden Regime vorgeschriebene, k\u00fcnstlich ver\u00e4nderte Sprache. Das Ziel dieser Sprachpolitik war es, das Denken zu manipulieren. Ganz \u00e4hnlich t\u00f6nt es heute: \u201eSprache bildet Realit\u00e4t nicht nur ab, sie schafft sie auch.\u201c lesen wir im \u201eLeitfaden f\u00fcr gendergerechte Texte\u201c am eidgen\u00f6ssischen Hochschulinstitut f\u00fcr Berufsbildung. Man mag dar\u00fcber diskutieren, ob es sinnvoll ist, heute diskriminierend empfundene Begriffe zu verwenden. Wenn aber staatliche Stellen Sprachpolizei spielen, um das Denken unserer Kinder zu manipulieren, dann muss ich sagen: Nein, meine Kinder kriegt ihr nicht! Und als leiser Protest lesen ich meinen Kindern das R\u00f6sslein H\u00fc weiterhin in der unzensierten Fassung vor.<\/p>\n<p>&nbsp;<\/p>\n<p>Hermann Lei, Frauenfeld<\/p>\n","protected":false},"excerpt":{"rendered":"<div style=\"padding-bottom:20px; padding-top:10px;\" class=\"hupso-share-buttons\"><!-- Hupso Share Buttons - https:\/\/www.hupso.com\/share\/ --><a class=\"hupso_toolbar\" href=\"https:\/\/www.hupso.com\/share\/\"><img src=\"https:\/\/static.hupso.com\/share\/buttons\/lang\/de\/share-small.png\" style=\"border:0px; padding-top: 5px; float:left;\" alt=\"Share Button\"\/><\/a><script type=\"text\/javascript\">var hupso_services_t=new Array(\"Twitter\",\"Facebook\",\"Google Plus\",\"Pinterest\",\"Linkedin\",\"Digg\",\"Bebo\",\"Delicious\",\"Print\");var hupso_background_t=\"#EAF4FF\";var hupso_border_t=\"#66CCFF\";var hupso_toolbar_size_t=\"small\";var hupso_image_folder_url = \"\";var hupso_url_t=\"\";var hupso_title_t=\"15.4.13%20Neger%2C%20Zigeuner%20und%20das%20R%C3%B6sslein%20H%C3%BC\";<\/script><script type=\"text\/javascript\" src=\"https:\/\/static.hupso.com\/share\/js\/share_toolbar.js\"><\/script><!-- Hupso Share Buttons --><\/div><p>In den Niederungen politischer Korrektheit Neger, Zigeuner und das R\u00f6sslein H\u00fc Hexen, Wasserm\u00e4nner, R\u00e4uber \u2013 aber keine \u201eNeger\u201c. Der Thienemann-Verlag streicht diskriminierende Begriffe aus den Kinderbuchklassikern des k\u00fcrzlich verstorbenen Otfried Preussler. Auch in den Neuausgaben Astrid Lindgrens wurde Pipis Vater &hellip; <a href=\"https:\/\/hermannlei.ch\/?p=306\">Weiterlesen <span class=\"meta-nav\">&rarr;<\/span><\/a><\/p>\n","protected":false},"author":2,"featured_media":0,"comment_status":"open","ping_status":"open","sticky":false,"template":"","format":"standard","meta":{"footnotes":""},"categories":[],"tags":[],"class_list":["post-306","post","type-post","status-publish","format-standard","hentry"],"_links":{"self":[{"href":"https:\/\/hermannlei.ch\/index.php?rest_route=\/wp\/v2\/posts\/306","targetHints":{"allow":["GET"]}}],"collection":[{"href":"https:\/\/hermannlei.ch\/index.php?rest_route=\/wp\/v2\/posts"}],"about":[{"href":"https:\/\/hermannlei.ch\/index.php?rest_route=\/wp\/v2\/types\/post"}],"author":[{"embeddable":true,"href":"https:\/\/hermannlei.ch\/index.php?rest_route=\/wp\/v2\/users\/2"}],"replies":[{"embeddable":true,"href":"https:\/\/hermannlei.ch\/index.php?rest_route=%2Fwp%2Fv2%2Fcomments&post=306"}],"version-history":[{"count":5,"href":"https:\/\/hermannlei.ch\/index.php?rest_route=\/wp\/v2\/posts\/306\/revisions"}],"predecessor-version":[{"id":312,"href":"https:\/\/hermannlei.ch\/index.php?rest_route=\/wp\/v2\/posts\/306\/revisions\/312"}],"wp:attachment":[{"href":"https:\/\/hermannlei.ch\/index.php?rest_route=%2Fwp%2Fv2%2Fmedia&parent=306"}],"wp:term":[{"taxonomy":"category","embeddable":true,"href":"https:\/\/hermannlei.ch\/index.php?rest_route=%2Fwp%2Fv2%2Fcategories&post=306"},{"taxonomy":"post_tag","embeddable":true,"href":"https:\/\/hermannlei.ch\/index.php?rest_route=%2Fwp%2Fv2%2Ftags&post=306"}],"curies":[{"name":"wp","href":"https:\/\/api.w.org\/{rel}","templated":true}]}}