{"id":314,"date":"2013-05-11T14:51:12","date_gmt":"2013-05-11T14:51:12","guid":{"rendered":"https:\/\/hermannlei.ch\/?p=314"},"modified":"2013-05-11T14:53:53","modified_gmt":"2013-05-11T14:53:53","slug":"5-11-13-de-weck-und-der-kindersex-politiker","status":"publish","type":"post","link":"https:\/\/hermannlei.ch\/?p=314","title":{"rendered":"5.11.13 De Weck und der Kindersex-Politiker"},"content":{"rendered":"<div style=\"padding-bottom:20px; padding-top:10px;\" class=\"hupso-share-buttons\"><!-- Hupso Share Buttons - https:\/\/www.hupso.com\/share\/ --><a class=\"hupso_toolbar\" href=\"https:\/\/www.hupso.com\/share\/\"><img decoding=\"async\" src=\"https:\/\/static.hupso.com\/share\/buttons\/lang\/de\/share-small.png\" style=\"border:0px; padding-top: 5px; float:left;\" alt=\"Share Button\"\/><\/a><script type=\"text\/javascript\">var hupso_services_t=new Array(\"Twitter\",\"Facebook\",\"Google Plus\",\"Pinterest\",\"Linkedin\",\"Digg\",\"Bebo\",\"Delicious\",\"Print\");var hupso_background_t=\"#EAF4FF\";var hupso_border_t=\"#66CCFF\";var hupso_toolbar_size_t=\"small\";var hupso_image_folder_url = \"\";var hupso_url_t=\"\";var hupso_title_t=\"5.11.13%20De%20Weck%20und%20der%20Kindersex-Politiker\";<\/script><script type=\"text\/javascript\" src=\"https:\/\/static.hupso.com\/share\/js\/share_toolbar.js\"><\/script><!-- Hupso Share Buttons --><\/div><p><span style=\"text-decoration: underline;\">SRF-Chef preist padohpilieverd\u00e4chtigten Linkspolitiker<\/span><\/p>\n<p><strong>De Weck und der Kindersex-Politiker<\/strong><\/p>\n<p><strong>Dem deutschen Gr\u00fcnen-Politiker Daniel Cohn-Bendit wird Sympathie zur P\u00e4dophilie nachgesagt. So schrieb er einst begeistert, f\u00fcnfj\u00e4hrige M\u00e4dchen h\u00e4tten ihn \u201eangemach<a href=\"https:\/\/hermannlei.ch\/wp-content\/uploads\/2013\/05\/De-weck-cohn-bendit.png\"><img loading=\"lazy\" decoding=\"async\" class=\"alignleft size-medium wp-image-315\" title=\"De weck cohn-bendit\" src=\"https:\/\/hermannlei.ch\/wp-content\/uploads\/2013\/05\/De-weck-cohn-bendit-300x137.png\" alt=\"\" width=\"300\" height=\"137\" srcset=\"https:\/\/hermannlei.ch\/wp-content\/uploads\/2013\/05\/De-weck-cohn-bendit-300x137.png 300w, https:\/\/hermannlei.ch\/wp-content\/uploads\/2013\/05\/De-weck-cohn-bendit.png 545w\" sizes=\"auto, (max-width: 300px) 100vw, 300px\" \/><\/a>t\u201c und mit seinem Geschlecht gespielt. In einem Magazin, f\u00fcr das der Gr\u00fcne zust\u00e4ndig war, wurde enthusiastisch von Sex mit einem 6j\u00e4hrigen \u201eGenossenm\u00e4dchen\u201c berichtet. Und Cohn-Bendit schw\u00e4rmte im Fernsehen von Kleinkindern: \u201eDie Sexualit\u00e4t eines Kindes ist etwas Fantastisches\u201c. \u00a0Der oberste Richter Deutschlands weigerte sich deshalb, an einer Preisverleihung f\u00fcr den Kindersex-Politiker eine Laudatio f\u00fcr einen solchen Mann zu halten. Keine Hemmungen hat dagegen SRF-Chef Roger de Weck. \u00a0Er verteidigt den Politiker gar trotz dessen p\u00e4dophilen Anfl\u00fcge. Die Kritik an Cohn-Bendits Kindersexfantasien ist seiner Ansicht nach eine \u201eKulisse f\u00fcr politische Machtk\u00e4mpfe\u201c. Er verneige sich vor der Leistung Cohn-Bendits.<\/strong><\/p>\n<p>&nbsp;<\/p>\n<p>Der Chef des staatlichen Schweizer Fernsehens, Roger De Weck, ist Kurator der Theodor Heuss Stiftung. Im November 2012 nominierte diese Cohn-Bendit zum Preistr\u00e4ger des Jahres 2013. Die Stiftung wolle Cohn-Bendits \u201elangj\u00e4hriges Engagement als Ideengeber und Politiker\u201c w\u00fcrdigen. Sie gewann sogar den deutschen Verfassungsgerichtspr\u00e4sidenten als Festredner. Als dieser aber erfuhr, wer da geehrt werden sollte, sagte er den Festvortrag in Stuttgart schleunigst ab.\u00a0 Der oberste Richter Deutschlands begr\u00fcndete seine Absage mit einer \u2013 seit langem bekannten \u2013 \u201enicht unproblematischen\u201c \u00c4usserung Cohn-Bendits zur Sexualit\u00e4t zwischen Erwachsenen und Kindern im Jahr 1975.<\/p>\n<p><strong>Billigt de Weck Kindersex-Aussagen?<\/strong><\/p>\n<p>Cohn-Bendit hatte damals in dem Buch \u201eGrosser Basar\u201c geschrieben, f\u00fcnfj\u00e4hrige M\u00e4dchen h\u00e4tten ihn in Kinderl\u00e4den, in denen er gearbeitet hatte, \u201eangemacht\u201c. Er beschreibt Handlungen, die als sexuell motiviert interpretiert werden k\u00f6nnen. Das Gericht, so liess der Verfassungsgerichtspr\u00e4sident ausrichten, sei deshalb \u201ein ganz besonderer Weise gehalten, jeden Anschein zu vermeiden, es w\u00fcrde solche Aussagen billigen\u201c. Der oberste deutsche Richter will also Cohn-Bendit nicht ehren, weil das den Anschein erwecke, er w\u00fcrde Kindersex billigen. Die Preisverleihung wurde auch von CDU und FDP boykottiert. Beide hatten de Wecks Stiftung sogar aufgefordert, in diesem Jahr die Ehrung abzusagen. Die Veranstaltung leiste der Verharmlosung von Missbrauch Vorschub und verletzte die Opfer. Mit der Ehrung eines Kindersex-Politikers dessen \u00c4usserungen zu billigen und den Missbrauch von Kindern zu verharmlosen, ist dagegen\u00a0 f\u00fcr SRF-Chef de Weck kein Problem; als Kurator der Stiftung \u00fcbernahm er sogar die Laudatio f\u00fcr den umstrittenen Politiker.<\/p>\n<p><strong>Draussen \u201eSch\u00e4mt Euch\u201c-Rufe, drinnen de-Weck-Lobhudeleien<\/strong><\/p>\n<p>W\u00e4hrend draussen Demonstranten die G\u00e4ste der Veranstaltung mit \u00abSch\u00e4mt Euch\u00bb-Rufen empfingen, lobte drinnen der Generaldirektor der Schweizerischen Radio- und Fernsehgesellschaft Cohn-Bendit f\u00fcr seine Verdienste. Cohn-Bendit sei seit 1994 bis heute abwechselnd f\u00fcr die deutschen und die franz\u00f6sischen Gr\u00fcnen ins Europaparlament gew\u00e4hlt worden. \u201eDas ist einzigartig. Davor kann man sich verneigen.\u201c Die P\u00e4dophilie-Vorw\u00fcrfe an Cohn-Bendit sind seiner Ansicht nach lediglich eine (Zitat): \u201eKulisse f\u00fcr politische Machtk\u00e4mpfe\u201c. Und de Weck lamentierte in seiner 20-min\u00fctien Lobesrede \u00fcber Verleumdungen, denen der gr\u00fcne Politiker ausgesetzt sein soll und dass &#8222;Hass salonf\u00e4hig&#8220; werde.<\/p>\n<p><strong>\u201e\u2026<\/strong><strong>ein Traktat \u00fcber das f\u00fcr und wider von P\u00e4derastie\u2026\u201c<\/strong><\/p>\n<p>Vor wem verneigt sich da der oberste Schweizer Medienmann? Wen sch\u00fctzt er? Unter Cohn-Bendits Verantwortung gibt es diverse p\u00e4dophile \u00c4usserungen. Im linken Stadtmagazin \u201ePflasterstrand\u201c, f\u00fcr das der Gr\u00fcne als presserechtlich Zust\u00e4ndiger zeichnete, finden sich immer wieder abstossende Texte. \u201eLetztes Jahr hat mich ein 6j\u00e4hriges Genossenm\u00e4dchen verf\u00fchrt\u201c, heisst es 1978. \u201eEs war eines der sch\u00f6nsten und sprachlosesten Erlebnisse die ich je hatte&#8230;und es ist jetzt auch nicht wichtig, ein Traktat \u00fcber das f\u00fcr und wider von P\u00e4derastie zu schreiben.\u201c Cohn-Bendit publizierte auch selbst\u00a0 mit p\u00e4dophilem Unterton. Sein Buch \u201eDer gro\u00dfe Basar\u201c erschien als Vorabdruck in der einschl\u00e4gigen Postille \u201edas da\u201c, einer Art linkem Sexheftchen mit eindeutig p\u00e4dophilen Anspielungen. O-Ton Cohn-Bendit: \u201eMein st\u00e4ndiger Flirt mit allen Kindern nahm bald erotische Z\u00fcge an.\u201c \u201eEs ist mir mehrmals passiert, dass einige Kinder meinen Hosenlatz ge\u00f6ffnet und angefangen haben, mich zu streicheln.\u201c (die Schweizerzeit berichtete)<\/p>\n<p><a href=\"https:\/\/hermannlei.ch\/wp-content\/uploads\/2013\/05\/das-da.png\"><img loading=\"lazy\" decoding=\"async\" class=\"alignleft size-medium wp-image-322\" title=\"das da\" src=\"https:\/\/hermannlei.ch\/wp-content\/uploads\/2013\/05\/das-da-212x300.png\" alt=\"\" width=\"212\" height=\"300\" srcset=\"https:\/\/hermannlei.ch\/wp-content\/uploads\/2013\/05\/das-da-212x300.png 212w, https:\/\/hermannlei.ch\/wp-content\/uploads\/2013\/05\/das-da.png 410w\" sizes=\"auto, (max-width: 212px) 100vw, 212px\" \/><\/a><\/p>\n<p><em>linke Sex-Postille, in der Cohn-Bendit schrieb, f\u00fcnfj\u00e4hrige M\u00e4dchen h\u00e4tten ihn \u201eangemacht\u201c<\/em><em><\/em><\/p>\n<p>&nbsp;<\/p>\n<p><strong>\u201eEin wahnsinnig erotisches Spiel\u201c<\/strong><\/p>\n<p>Aufschlussreich ist auch Cohn-Bendits Auftritt im franz\u00f6sischen Fernsehen: \u201eDie Sexualit\u00e4t eines Kindes ist etwas Fantastisches. Man muss aufrichtig sein, seri\u00f6s, mit den ganz Kleinen ist es etwas anderes\u201c, sagte Cohn-Bendit 1982 mit s\u00fcffisantem L\u00e4cheln \u201eaber wenn ein kleines f\u00fcnfj\u00e4hriges M\u00e4dchen beginnt, Sie auszuziehen: Es ist gro\u00dfartig, weil es ein Spiel ist. Ein wahnsinnig erotisches Spiel.\u201c<\/p>\n<p>Der Absolvent der durch Missbrauchsskandale in Verruf geratenen Odenwald-Schule ist heute nicht mehr daran interessiert, die Geschichte seiner p\u00e4dophilen \u00c4usserungen transparent zu machen. Sein B\u00fcro hat einen Archivbestand dazu sperren lassen. Fr\u00fcher stand Cohn-Bendit noch zu seinen \u00c4usserungen: \u201eIch bin nicht nur ein Papierwichser, sondern ein \u00fcberzeugter Wichser mit vielen Phantasien und Tr\u00e4umen, die weder alle h\u00e4sslich noch sch\u00f6n sind.\u201c, meinte Cohn-Bendit (seines Zeichens einst Moderator des Literaturclubs des Schweizer Fernsehens) 1978 zu seinen p\u00e4dophil angehauchten Aussagen.<\/p>\n<p>Cohn-Bendit hat unl\u00e4ngst aufgrund der Debatte um seine Vergangenheit auf die Verleihung eines weiteren \u201ePreises\u201c verzichtet. Um den linken Kindersex-Politiker Bendit muss man sich allerdings keine Sorgen machen. Er hat einflussreiche Freunde, die ihn besch\u00fctzen. Zum Beispiel Roger de Weck.<\/p>\n<p>Hermann Lei, Frauenfeld<\/p>\n","protected":false},"excerpt":{"rendered":"<div style=\"padding-bottom:20px; padding-top:10px;\" class=\"hupso-share-buttons\"><!-- Hupso Share Buttons - https:\/\/www.hupso.com\/share\/ --><a class=\"hupso_toolbar\" href=\"https:\/\/www.hupso.com\/share\/\"><img src=\"https:\/\/static.hupso.com\/share\/buttons\/lang\/de\/share-small.png\" style=\"border:0px; padding-top: 5px; float:left;\" alt=\"Share Button\"\/><\/a><script type=\"text\/javascript\">var hupso_services_t=new Array(\"Twitter\",\"Facebook\",\"Google Plus\",\"Pinterest\",\"Linkedin\",\"Digg\",\"Bebo\",\"Delicious\",\"Print\");var hupso_background_t=\"#EAF4FF\";var hupso_border_t=\"#66CCFF\";var hupso_toolbar_size_t=\"small\";var hupso_image_folder_url = \"\";var hupso_url_t=\"\";var hupso_title_t=\"5.11.13%20De%20Weck%20und%20der%20Kindersex-Politiker\";<\/script><script type=\"text\/javascript\" src=\"https:\/\/static.hupso.com\/share\/js\/share_toolbar.js\"><\/script><!-- Hupso Share Buttons --><\/div><p>SRF-Chef preist padohpilieverd\u00e4chtigten Linkspolitiker De Weck und der Kindersex-Politiker Dem deutschen Gr\u00fcnen-Politiker Daniel Cohn-Bendit wird Sympathie zur P\u00e4dophilie nachgesagt. So schrieb er einst begeistert, f\u00fcnfj\u00e4hrige M\u00e4dchen h\u00e4tten ihn \u201eangemacht\u201c und mit seinem Geschlecht gespielt. In einem Magazin, f\u00fcr das der &hellip; <a href=\"https:\/\/hermannlei.ch\/?p=314\">Weiterlesen <span class=\"meta-nav\">&rarr;<\/span><\/a><\/p>\n","protected":false},"author":2,"featured_media":0,"comment_status":"open","ping_status":"open","sticky":false,"template":"","format":"standard","meta":{"footnotes":""},"categories":[],"tags":[],"class_list":["post-314","post","type-post","status-publish","format-standard","hentry"],"_links":{"self":[{"href":"https:\/\/hermannlei.ch\/index.php?rest_route=\/wp\/v2\/posts\/314","targetHints":{"allow":["GET"]}}],"collection":[{"href":"https:\/\/hermannlei.ch\/index.php?rest_route=\/wp\/v2\/posts"}],"about":[{"href":"https:\/\/hermannlei.ch\/index.php?rest_route=\/wp\/v2\/types\/post"}],"author":[{"embeddable":true,"href":"https:\/\/hermannlei.ch\/index.php?rest_route=\/wp\/v2\/users\/2"}],"replies":[{"embeddable":true,"href":"https:\/\/hermannlei.ch\/index.php?rest_route=%2Fwp%2Fv2%2Fcomments&post=314"}],"version-history":[{"count":8,"href":"https:\/\/hermannlei.ch\/index.php?rest_route=\/wp\/v2\/posts\/314\/revisions"}],"predecessor-version":[{"id":321,"href":"https:\/\/hermannlei.ch\/index.php?rest_route=\/wp\/v2\/posts\/314\/revisions\/321"}],"wp:attachment":[{"href":"https:\/\/hermannlei.ch\/index.php?rest_route=%2Fwp%2Fv2%2Fmedia&parent=314"}],"wp:term":[{"taxonomy":"category","embeddable":true,"href":"https:\/\/hermannlei.ch\/index.php?rest_route=%2Fwp%2Fv2%2Fcategories&post=314"},{"taxonomy":"post_tag","embeddable":true,"href":"https:\/\/hermannlei.ch\/index.php?rest_route=%2Fwp%2Fv2%2Ftags&post=314"}],"curies":[{"name":"wp","href":"https:\/\/api.w.org\/{rel}","templated":true}]}}