{"id":326,"date":"2013-05-27T06:34:50","date_gmt":"2013-05-27T06:34:50","guid":{"rendered":"https:\/\/hermannlei.ch\/?p=326"},"modified":"2013-05-27T06:34:50","modified_gmt":"2013-05-27T06:34:50","slug":"27-5-13-de-wecks-klare-kritik-am-kindersex","status":"publish","type":"post","link":"https:\/\/hermannlei.ch\/?p=326","title":{"rendered":"27.5.13  De Wecks \u00abklare Kritik\u00bb am Kindersex"},"content":{"rendered":"<div style=\"padding-bottom:20px; padding-top:10px;\" class=\"hupso-share-buttons\"><!-- Hupso Share Buttons - https:\/\/www.hupso.com\/share\/ --><a class=\"hupso_toolbar\" href=\"https:\/\/www.hupso.com\/share\/\"><img decoding=\"async\" src=\"https:\/\/static.hupso.com\/share\/buttons\/lang\/de\/share-small.png\" style=\"border:0px; padding-top: 5px; float:left;\" alt=\"Share Button\"\/><\/a><script type=\"text\/javascript\">var hupso_services_t=new Array(\"Twitter\",\"Facebook\",\"Google Plus\",\"Pinterest\",\"Linkedin\",\"Digg\",\"Bebo\",\"Delicious\",\"Print\");var hupso_background_t=\"#EAF4FF\";var hupso_border_t=\"#66CCFF\";var hupso_toolbar_size_t=\"small\";var hupso_image_folder_url = \"\";var hupso_url_t=\"\";var hupso_title_t=\"27.5.13%20%20De%20Wecks%20%C2%ABklare%20Kritik%C2%BB%20am%20Kindersex\";<\/script><script type=\"text\/javascript\" src=\"https:\/\/static.hupso.com\/share\/js\/share_toolbar.js\"><\/script><!-- Hupso Share Buttons --><\/div><p><strong>SRF-Chef in der Defensive<\/strong><\/p>\n<p><em>Von Hermann Lei, Kantonsrat, Frauenfeld TG<\/em><\/p>\n<p><strong>Daniel Cohn-Bendit, eine Ikone der linken 68er-Bewegung kommt &#8211; reichlich sp\u00e4t &#8211; wegen p\u00e4dophilen \u00dcbergriffen und Aussagen, zu Fall. Die ganze Gesellschaft setzt sich von ihm ab. Die ganze? Nein, ein kleiner Schweizer Fernsehchef leistet nach wie vor heftigen Widerstand.<\/strong><\/p>\n<p>Es ist Roger de Weck, der SRF-Chef. Die P\u00e4dophilie-Vorw\u00fcrfe an Cohn-Bendit sind seiner Ansicht nach lediglich eine (Zitat): \u00abKulisse f\u00fcr politische Machtk\u00e4mpfe\u00bb. De Weck versucht sich herauszureden: seine Rede habe auch \u00abklare Kritik\u00bb am Preistr\u00e4ger enthalten. Hat sie nicht. Seine Laudatio ist eine einzige und peinliche Verg\u00f6tterung des Kindersex-Politikers.<\/p>\n<p><strong>De Weck schw\u00e4rmt von Cohn-Bendit<\/strong><\/p>\n<p>Die \u00abSchweizerzeit\u00bb hatte als einzige Schweizer Zeitung \u00fcber die Lobrede von de Weck berichtet. Dass de Weck f\u00fcr den obersten deutschen Verfassungsrichter einsprang, welcher sich indigniert weigerte, f\u00fcr Cohn-Bendit zu sprechen, dass de Weck keine Distanz zu Cohn-Bendits p\u00e4dophilen Taten und Worten markierte, dass de Weck im Gegenteil, die Kritik an P\u00e4dophilie als (Zitat): \u00abKulisse f\u00fcr politische Machtk\u00e4mpfe\u00bb abkanzelte und in seiner 20-min\u00fctigen Lobesrede \u00fcber Verleumdungen, denen der gr\u00fcne Politiker ausgesetzt sein soll und dass \u00abHass salonf\u00e4hig\u00bb werde schwadronierte \u2013 der Leser fand in der Schweizer Presse dar\u00fcber vorerst kein Wort.<\/p>\n<p><strong>Selbstzensur der Schweizer Medien<\/strong><\/p>\n<p>Knapp eine Woche dauerte es, bis die erste \u2013 und bei Redaktionsschluss einzige \u2013 Schweizer Zeitung die Selbstzensur der Schweizer Medien durchbrach. \u00abSRG-Chef de Weck hielt Lobrede f\u00fcr Cohn-Bendit\u00bb titelte die Pendlerzeitung \u00ab20 Minuten\u00bb \u2013 und listete auf, was die Schweizerzeit schon eine Woche zuvor \u00fcber de Weck geschrieben hatte. De Weck stelle sein Redemanuskript zur Verf\u00fcgung, damit man sehen k\u00f6nne, dass seine Rede auch \u00abklare Kritik an den Preistr\u00e4ger\u00bb enthalten habe. Klare Kritik? Das ist nahezu eine L\u00fcge. Das Gegenteil ist wahr: Sein Redemanuskript trieft nur so von Bewunderung f\u00fcr den Kindersex-Politiker, vehement verteidigt er ihn gegen die Vorw\u00fcrfe. Ein kleiner Hauch von Kritik findet sich nur gut versteckt zwischen seitenlangen Schmeicheleien, es wird nicht einmal klar, ob \u00fcberhaupt Cohn-Bendit damit gemeint ist (vgl. Kasten).<\/p>\n<p>Lobhudeleien, Verteidigung eines Kindersex-Politikers, Rechtfertigungszeremonie, das hat de Weck zelebriert. Ende M\u00e4rz forderte das Schweizer Fernsehen in der Rundschau den R\u00fccktritt von Nationalrat Christoph M\u00f6rgeli, weil er angeblich mittelm\u00e4ssige Doktorarbeiten akzeptiert haben soll. Wann kommt der R\u00fccktritt von de Weck? Wohl nie. Aber wenn doch, dann k\u00f6nnte der \u00abeinzigartige\u00bb Cohn-Bendit sicher einer gute Abschiedsrede f\u00fcr seinen Freund halten.<\/p>\n<p><em>Hermann Lei<\/em><\/p>\n<p align=\"center\"><strong>Die so \u00abklare Kritik\u00bb<\/strong><strong><em>\u00a0<\/em><\/strong><\/p>\n<p><strong>Das soll de Wecks \u00abklare Kritik\u00bb sein:<\/strong> \u00abBei allen Irrungen und Wirrungen von 68, bei aller pers\u00f6nlich-politischen Verirrung und mancher Verfehlung von 68er-Exponenten, aber auch ihrer autorit\u00e4ren Widersacher wie General de Gaulle, der zu einer gelenkten Demokratie neigte \u2013 es ist ein epochemachendes Paradox und eine Cohn-Benditsche Ironie der Geschichte, dass das antiparlamentarische \u201968 schliesslich den Parlamentarismus belebt hat, die Demokratie vorangebracht und nach und nach politische Kr\u00e4fte wie die Gr\u00fcnen hervorgebracht hat (\u2026)\u00bb<\/p>\n<p><strong>So lobt de Weck seitenlang Cohn-Bendit:<\/strong> \u00abCohn-Bendit z\u00e4hlt zu denen, die dieses unseren Kontinent zivilisierende Werk fortgef\u00fchrt haben.\u00bb \u00abDas ist einzigartig, davor kann man sich nur verneigen.\u00bb \u00abCohn-Bendit verk\u00f6rpert die Anf\u00e4nge einer gelebten transnationalen Demokratie.\u00bb \u00abIn ihm ist viel Seele.\u00bb \u00abDas gr\u00f6sste Kompliment \u00fcberhaupt, das man einem Menschen machen kann.\u00bb \u00abEiner der Waghalsigen ist Cohn-Bendit, und auf diesen Demokraten ist auch k\u00fcnftig zu z\u00e4hlen.\u00bb<\/p>\n<p><strong>So verteidigt de Weck Cohn-Bendit gegen die P\u00e4dophilie-Vorw\u00fcrfe:<\/strong> \u00abKulisse f\u00fcr politische Machtk\u00e4mpfe\u00bb, \u00abVerleumdung aber: Nein!\u00bb. \u00ab&#8230; den Citoyen Cohn-Bendit ver\u00e4chtlich machen m\u00f6chten\u00bb, \u00ab&#8230; z\u00fcgel- und regellosen \u00f6ffentlichen Raum\u2026\u00bb, \u00ab\u2026 eingespielten Shit-Storm dieser Tage im Internet\u00bb, \u00abHass salonf\u00e4hig\u00bb, \u00ab&#8230; ein Erbe der 68er Jahre, die heute (\u2026) vor\u00fcbergehend schlechtgemacht werden\u00bb, \u00abAls er ausgegrenzt wurde, wie ihn andere heute wieder ausgrenzen m\u00f6chten, gingen mehr als 100&#8217;000 Franzosen auf die Strasse (..). Sie skandierten: \u2039 (\u2026) Wir sind alle ein deutscher Jude\u203a.\u00bb<\/p>\n","protected":false},"excerpt":{"rendered":"<div style=\"padding-bottom:20px; padding-top:10px;\" class=\"hupso-share-buttons\"><!-- Hupso Share Buttons - https:\/\/www.hupso.com\/share\/ --><a class=\"hupso_toolbar\" href=\"https:\/\/www.hupso.com\/share\/\"><img src=\"https:\/\/static.hupso.com\/share\/buttons\/lang\/de\/share-small.png\" style=\"border:0px; padding-top: 5px; float:left;\" alt=\"Share Button\"\/><\/a><script type=\"text\/javascript\">var hupso_services_t=new Array(\"Twitter\",\"Facebook\",\"Google Plus\",\"Pinterest\",\"Linkedin\",\"Digg\",\"Bebo\",\"Delicious\",\"Print\");var hupso_background_t=\"#EAF4FF\";var hupso_border_t=\"#66CCFF\";var hupso_toolbar_size_t=\"small\";var hupso_image_folder_url = \"\";var hupso_url_t=\"\";var hupso_title_t=\"27.5.13%20%20De%20Wecks%20%C2%ABklare%20Kritik%C2%BB%20am%20Kindersex\";<\/script><script type=\"text\/javascript\" src=\"https:\/\/static.hupso.com\/share\/js\/share_toolbar.js\"><\/script><!-- Hupso Share Buttons --><\/div><p>SRF-Chef in der Defensive Von Hermann Lei, Kantonsrat, Frauenfeld TG Daniel Cohn-Bendit, eine Ikone der linken 68er-Bewegung kommt &#8211; reichlich sp\u00e4t &#8211; wegen p\u00e4dophilen \u00dcbergriffen und Aussagen, zu Fall. Die ganze Gesellschaft setzt sich von ihm ab. Die ganze? Nein, &hellip; <a href=\"https:\/\/hermannlei.ch\/?p=326\">Weiterlesen <span class=\"meta-nav\">&rarr;<\/span><\/a><\/p>\n","protected":false},"author":2,"featured_media":0,"comment_status":"open","ping_status":"open","sticky":false,"template":"","format":"standard","meta":{"footnotes":""},"categories":[],"tags":[],"class_list":["post-326","post","type-post","status-publish","format-standard","hentry"],"_links":{"self":[{"href":"https:\/\/hermannlei.ch\/index.php?rest_route=\/wp\/v2\/posts\/326","targetHints":{"allow":["GET"]}}],"collection":[{"href":"https:\/\/hermannlei.ch\/index.php?rest_route=\/wp\/v2\/posts"}],"about":[{"href":"https:\/\/hermannlei.ch\/index.php?rest_route=\/wp\/v2\/types\/post"}],"author":[{"embeddable":true,"href":"https:\/\/hermannlei.ch\/index.php?rest_route=\/wp\/v2\/users\/2"}],"replies":[{"embeddable":true,"href":"https:\/\/hermannlei.ch\/index.php?rest_route=%2Fwp%2Fv2%2Fcomments&post=326"}],"version-history":[{"count":4,"href":"https:\/\/hermannlei.ch\/index.php?rest_route=\/wp\/v2\/posts\/326\/revisions"}],"predecessor-version":[{"id":330,"href":"https:\/\/hermannlei.ch\/index.php?rest_route=\/wp\/v2\/posts\/326\/revisions\/330"}],"wp:attachment":[{"href":"https:\/\/hermannlei.ch\/index.php?rest_route=%2Fwp%2Fv2%2Fmedia&parent=326"}],"wp:term":[{"taxonomy":"category","embeddable":true,"href":"https:\/\/hermannlei.ch\/index.php?rest_route=%2Fwp%2Fv2%2Fcategories&post=326"},{"taxonomy":"post_tag","embeddable":true,"href":"https:\/\/hermannlei.ch\/index.php?rest_route=%2Fwp%2Fv2%2Ftags&post=326"}],"curies":[{"name":"wp","href":"https:\/\/api.w.org\/{rel}","templated":true}]}}