{"id":393,"date":"2014-07-17T06:19:16","date_gmt":"2014-07-17T06:19:16","guid":{"rendered":"https:\/\/hermannlei.ch\/?p=393"},"modified":"2014-07-17T06:19:16","modified_gmt":"2014-07-17T06:19:16","slug":"17-7-14-bis-die-balken-brechen-luegen-zur-personenfreizuegigkeit-teil-1","status":"publish","type":"post","link":"https:\/\/hermannlei.ch\/?p=393","title":{"rendered":"17.7.14 Bis die Balken brechen &#8211; \u201eL\u00fcgen\u201c zur Personenfreiz\u00fcgigkeit, Teil 1"},"content":{"rendered":"<div style=\"padding-bottom:20px; padding-top:10px;\" class=\"hupso-share-buttons\"><!-- Hupso Share Buttons - https:\/\/www.hupso.com\/share\/ --><a class=\"hupso_toolbar\" href=\"https:\/\/www.hupso.com\/share\/\"><img decoding=\"async\" src=\"https:\/\/static.hupso.com\/share\/buttons\/lang\/de\/share-small.png\" style=\"border:0px; padding-top: 5px; float:left;\" alt=\"Share Button\"\/><\/a><script type=\"text\/javascript\">var hupso_services_t=new Array(\"Twitter\",\"Facebook\",\"Google Plus\",\"Pinterest\",\"Linkedin\",\"Digg\",\"Bebo\",\"Delicious\",\"Print\");var hupso_background_t=\"#EAF4FF\";var hupso_border_t=\"#66CCFF\";var hupso_toolbar_size_t=\"small\";var hupso_image_folder_url = \"\";var hupso_url_t=\"\";var hupso_title_t=\"17.7.14%20Bis%20die%20Balken%20brechen%20-%20%E2%80%9EL%C3%BCgen%E2%80%9C%20zur%20Personenfreiz%C3%BCgigkeit%2C%20Teil%201\";<\/script><script type=\"text\/javascript\" src=\"https:\/\/static.hupso.com\/share\/js\/share_toolbar.js\"><\/script><!-- Hupso Share Buttons --><\/div><p><b><span style=\"text-decoration: underline;\">\u201eL\u00fcgen\u201c zur Personenfreiz\u00fcgigkeit, Teil 1<\/span><\/b><\/p>\n<p><b>Bis die Balken brechen<\/b><\/p>\n<p><b>L\u00fcgt der Bundesrat, wenn er von 10\u2018000 Einwanderern spricht, aber 80\u2018000 kommen? L\u00fcgt die NZZ, wenn sie die rekordhohe Arbeitslosigkeit mit dem schlechten Wetter wegredet, obwohl es noch nie so sch\u00f6n und warm war? L\u00fcgt das Bundesamt f\u00fcr Statistik, wenn es kurz vor der Abstimmung \u00fcber die Personenfreiz\u00fcgigkeit suggeriert, es w\u00fcrden mehr Ausl\u00e4nder die Schweiz verlassen als einwandern? Echte L\u00fcgen sind selten, daf\u00fcr sind die Politiker und die Medien zu schlau. Aber bei dieser Abstimmung wurde so viel verdreht, weggelassen und getrickst, dass wir sagen: hier \u00a0wurde gelogen, bis die Balken brechen. Teil 1 unserer \u201eL\u00fcgensammlung\u201c zeigt einige M\u00fcsterchen vor der Abstimmung. Es g\u00e4be noch viel mehr.<\/b><\/p>\n<ol>\n<li>\u00abWie die Erfahrungen in der EU zeigen, sind die \u00c4ngste [.\u2009.\u2009.], die Einwanderung aus EU-Staaten in die Schweiz werde stark zunehmen, nicht begr\u00fcndet\u00bb. Es ist \u00abnicht mit einem Einwanderungsdruck\u00bb zu rechnen (Abstimmungsb\u00fcchlein zum ersten bilateralen Paket). Micheline Calmy-Rey zur Bef\u00fcrchtung, es k\u00f6nnte j\u00e4hrlich ein Vielfaches der bundesr\u00e4tlichen 10\u2009000 Einwanderer einwandern: \u00abDas ist ein Phantasma.\u00bb Wahrheit: J\u00e4hrlich wandern netto um 80\u2009000 Personen aus der Europ\u00e4ischen Union in die Schweiz ein.<\/li>\n<li>\u00abDer freie Personenverkehr gilt nicht f\u00fcr Arbeitslose.\u00bb (Abstimmungsb\u00fcchlein 2005). Wahrheit: EU-Arbeitslose k\u00f6nnen in die Schweiz gelangen, wenn sie angeben, \u00abzwecks Arbeitssuche\u00bb in die Schweiz einzureisen.<\/li>\n<li>\u00abBelegte eine Person 1980 noch 34 Quadratmeter Wohnfl\u00e4che, sind es heute rund 50 Quadratmeter.\u00bb (Volkswirtschaftsminister Johann Schneider-Ammann erkl\u00e4rt die gestiegenen Bodenpreise und Mieten). Wahrheit: Die Wohnfl\u00e4che ist seit dem Jahr 2000 fast nicht angestiegen. In St\u00e4dten wie Z\u00fcrich oder Luzern nahm die Fl\u00e4che pro Person sogar ab.<\/li>\n<li>\u201eDie Zuwanderung in die Schweiz werde in erster Linie durch die Nachfrage der Wirtschaft bestimmt.\u201c (Bundesr\u00e4tin <a href=\"https:\/\/www.tagesanzeiger.ch\/schweiz\/Brutal-geirrt-oder-bewusst-gelogen\/personen\/simonetta-sommaruga\/s.html\">Simonetta Sommaruga<\/a>). Wahrheit: gem\u00e4ss Statistik des BFM entfallen 44% der Einwanderung auf den Familiennachzug, auf Aus- und Weiterbildung und auf \u201enicht bestimmbare\u201c Berufst\u00e4tigkeit.<\/li>\n<li>&#8222;Es konnte kein genereller Lohndruck bei Schweizer Arbeitnehmenden infolge der Personenfreiz\u00fcgigkeit\u200b festgestellt werden.&#8220; (SECO). Wahrheit: Mehrere Untersuchungen gehen davon aus, dass die L\u00f6hne in den letzten Jahren ohne Personenfreiz\u00fcgigkeit st\u00e4rker zugenommen h\u00e4tten.<\/li>\n<li>\u201eDeutlicher Anstieg der Arbeitslosigkeit (\u2026) vor allem der schlechten Witterung geschuldet.\u201c (NZZ). Wahrheit: \u00abSonnenscheinrekord bei anhaltendem Sch\u00f6nwetter\u00bb \u00abNoch vor Weihnachten wurden Dezember-Sonnenrekorde in den Regionen Bern, Z\u00fcrich, Winterthur und St. Gallen erreicht. Anschliessend kamen die Rekorde der Messstandorte Basel, Schaffhausen, Luzern, Altdorf sowie G\u00fcttingen am Bodensee hinzu.\u201c<\/li>\n<\/ol>\n<p>&nbsp;<\/p>\n<div>\n<h2 align=\"center\">\u201eUmfrage: Klare Mehrheit gegen die SVP-Abschottung. Die SVP-Abschottungsinitiative ist auf der Verliererstrasse.\u201c<\/h2>\n<p align=\"center\">Meinungsumfrage der SonntagsZeitung und von \u00abLe Matin Dimanche\u00bb (publiziert am 29. Dezember 2013)<\/p>\n<\/div>\n<p>&nbsp;<\/p>\n<ol>\n<li>\u201eDie Schweiz \u00fcberragt mit diesem Wachstum andere Volkswirtschaften bei weitem, ein wichtiger Treiber ist die Zuwanderung.\u00bb (10vor10). Wahrheit: Die Freiz\u00fcgigkeit wurde erst 2007 voll eingef\u00fchrt; bis 2007 galten Kontingente. Tatsache ist, dass die Zunahme des Pro-Kopf-Einkommens von 4500 Euro praktisch ausschliesslich zwischen 2002 und 2007 stattgefunden hat. Von 2007-2012, also mit der vollen Freiz\u00fcgigkeit, hat das Pro-Kopf-Einkommen hingegen stagniert.<\/li>\n<li>\u201eEinwanderungsstopp trifft die AHV\u201c \u201eW\u00fcrde am 9. Februar der Einwanderungsinitiative der SVP zugestimmt, verl\u00f6ren die Sozialwerke AHV und IV viel Geld.\u201c (Handelszeitung, Blick). Wahrheit: den Zuwanderern stehen Rentenanspr\u00fcche zu, welche die AHV in 30 bis 40 Jahren belasten werden (Bericht des Bundesrats).<\/li>\n<li>\u201eImmer mehr Schweizerinnen und Schweizer sowie Ausl\u00e4nderinnen und Ausl\u00e4nder verlassen die Schweiz.\u201c (Bundesamt f\u00fcr Statistik). Wahrheit: Zwischen Mai 2013 und April 2014 wanderten insgesamt 151&#8217;852 Personen in die Schweiz ein. Mehr als 350&#8217;000 EU-B\u00fcrger sind seit Einf\u00fchrung der Personenfreiz\u00fcgigkeit 2002 netto in die Schweiz eingewandert.<\/li>\n<li>\u201eFachkr\u00e4fte sind \u00fcberlebenswichtig\u201c \u201e\u2026mangelt es teilweise an Fachkr\u00e4ften.\u201c (Thurgauer Regierungsrat Kaspar Schl\u00e4pfer in einem Inserat der Economiesuisse). Wahrheit (in der Infobrosch\u00fcre des gleichen Regierungsrates, am gleichen Tag im Briefkasten): \u201eBei den Personen in Fachfunktionen versch\u00e4rfte sich die Arbeitsmarktlage deutlich.\u201c<\/li>\n<li>&#8222;Bei einem Ja zur SVP-Initiative (&#8230;) kann die Schweiz Verhandlungen mit der EU \u00fcber die institutionellen Fragen vergessen.&#8220;, sagte Richard Jones, der EU-Botschafter in Bern, vor der Abstimmung (das h\u00e4tten wir gerne geglaubt!). Wahrheit: am 22.5. teilt das EDA &#8211; leider &#8211; mit: \u201eStart der Verhandlungen zu den institutionellen Fragen.\u201c<\/li>\n<\/ol>\n<p>&nbsp;<\/p>\n<p>Hermann Lei, Frauenfeld<\/p>\n","protected":false},"excerpt":{"rendered":"<div style=\"padding-bottom:20px; padding-top:10px;\" class=\"hupso-share-buttons\"><!-- Hupso Share Buttons - https:\/\/www.hupso.com\/share\/ --><a class=\"hupso_toolbar\" href=\"https:\/\/www.hupso.com\/share\/\"><img src=\"https:\/\/static.hupso.com\/share\/buttons\/lang\/de\/share-small.png\" style=\"border:0px; padding-top: 5px; float:left;\" alt=\"Share Button\"\/><\/a><script type=\"text\/javascript\">var hupso_services_t=new Array(\"Twitter\",\"Facebook\",\"Google Plus\",\"Pinterest\",\"Linkedin\",\"Digg\",\"Bebo\",\"Delicious\",\"Print\");var hupso_background_t=\"#EAF4FF\";var hupso_border_t=\"#66CCFF\";var hupso_toolbar_size_t=\"small\";var hupso_image_folder_url = \"\";var hupso_url_t=\"\";var hupso_title_t=\"17.7.14%20Bis%20die%20Balken%20brechen%20-%20%E2%80%9EL%C3%BCgen%E2%80%9C%20zur%20Personenfreiz%C3%BCgigkeit%2C%20Teil%201\";<\/script><script type=\"text\/javascript\" src=\"https:\/\/static.hupso.com\/share\/js\/share_toolbar.js\"><\/script><!-- Hupso Share Buttons --><\/div><p>\u201eL\u00fcgen\u201c zur Personenfreiz\u00fcgigkeit, Teil 1 Bis die Balken brechen L\u00fcgt der Bundesrat, wenn er von 10\u2018000 Einwanderern spricht, aber 80\u2018000 kommen? L\u00fcgt die NZZ, wenn sie die rekordhohe Arbeitslosigkeit mit dem schlechten Wetter wegredet, obwohl es noch nie so sch\u00f6n &hellip; <a href=\"https:\/\/hermannlei.ch\/?p=393\">Weiterlesen <span class=\"meta-nav\">&rarr;<\/span><\/a><\/p>\n","protected":false},"author":2,"featured_media":395,"comment_status":"open","ping_status":"open","sticky":false,"template":"","format":"standard","meta":{"footnotes":""},"categories":[],"tags":[],"class_list":["post-393","post","type-post","status-publish","format-standard","has-post-thumbnail","hentry"],"_links":{"self":[{"href":"https:\/\/hermannlei.ch\/index.php?rest_route=\/wp\/v2\/posts\/393","targetHints":{"allow":["GET"]}}],"collection":[{"href":"https:\/\/hermannlei.ch\/index.php?rest_route=\/wp\/v2\/posts"}],"about":[{"href":"https:\/\/hermannlei.ch\/index.php?rest_route=\/wp\/v2\/types\/post"}],"author":[{"embeddable":true,"href":"https:\/\/hermannlei.ch\/index.php?rest_route=\/wp\/v2\/users\/2"}],"replies":[{"embeddable":true,"href":"https:\/\/hermannlei.ch\/index.php?rest_route=%2Fwp%2Fv2%2Fcomments&post=393"}],"version-history":[{"count":2,"href":"https:\/\/hermannlei.ch\/index.php?rest_route=\/wp\/v2\/posts\/393\/revisions"}],"predecessor-version":[{"id":396,"href":"https:\/\/hermannlei.ch\/index.php?rest_route=\/wp\/v2\/posts\/393\/revisions\/396"}],"wp:featuredmedia":[{"embeddable":true,"href":"https:\/\/hermannlei.ch\/index.php?rest_route=\/wp\/v2\/media\/395"}],"wp:attachment":[{"href":"https:\/\/hermannlei.ch\/index.php?rest_route=%2Fwp%2Fv2%2Fmedia&parent=393"}],"wp:term":[{"taxonomy":"category","embeddable":true,"href":"https:\/\/hermannlei.ch\/index.php?rest_route=%2Fwp%2Fv2%2Fcategories&post=393"},{"taxonomy":"post_tag","embeddable":true,"href":"https:\/\/hermannlei.ch\/index.php?rest_route=%2Fwp%2Fv2%2Ftags&post=393"}],"curies":[{"name":"wp","href":"https:\/\/api.w.org\/{rel}","templated":true}]}}