{"id":43,"date":"2011-01-16T09:16:29","date_gmt":"2011-01-16T09:16:29","guid":{"rendered":"https:\/\/hermannlei.ch\/?p=43"},"modified":"2011-01-16T09:16:29","modified_gmt":"2011-01-16T09:16:29","slug":"dezember-2008-harmos-erfolgreich-bekampft","status":"publish","type":"post","link":"https:\/\/hermannlei.ch\/?p=43","title":{"rendered":"Dezember 2008: Harmos erfolgreich bek\u00e4mpft"},"content":{"rendered":"<div style=\"padding-bottom:20px; padding-top:10px;\" class=\"hupso-share-buttons\"><!-- Hupso Share Buttons - https:\/\/www.hupso.com\/share\/ --><a class=\"hupso_toolbar\" href=\"https:\/\/www.hupso.com\/share\/\"><img decoding=\"async\" src=\"https:\/\/static.hupso.com\/share\/buttons\/lang\/de\/share-small.png\" style=\"border:0px; padding-top: 5px; float:left;\" alt=\"Share Button\"\/><\/a><script type=\"text\/javascript\">var hupso_services_t=new Array(\"Twitter\",\"Facebook\",\"Google Plus\",\"Pinterest\",\"Linkedin\",\"Digg\",\"Bebo\",\"Delicious\",\"Print\");var hupso_background_t=\"#EAF4FF\";var hupso_border_t=\"#66CCFF\";var hupso_toolbar_size_t=\"small\";var hupso_image_folder_url = \"\";var hupso_url_t=\"\";var hupso_title_t=\"Dezember%202008%3A%20Harmos%20erfolgreich%20bek%C3%A4mpft\";<\/script><script type=\"text\/javascript\" src=\"https:\/\/static.hupso.com\/share\/js\/share_toolbar.js\"><\/script><!-- Hupso Share Buttons --><\/div><h5><img decoding=\"async\" src=\"https:\/\/hermann-lei.ch\/images\/080112%20Harmos%20Sieg%20Feier%20Hermann%20Lei.JPG\" alt=\"\" \/><\/h5>\n<h5>MARKUS SCHOCH<\/h5>\n<p>frauenfeld.  Bis am Schluss verbreitete Erziehungsdirektorin Monika Knill  Optimismus. Noch am Freitag gab sie sich zuversichtlich, dass der  HarmoS-Beitritt im Thurgau angenommen werde.<\/p>\n<p>Insgeheim  waren sich die Bef\u00fcrworter ihrer Sache offenbar jedoch nicht ganz so  sicher. \u00abIch habe fast ein bisschen mit dem Nein gerechnet\u00bb, gestand  gestern Anita D\u00e4hler, die Pr\u00e4sidentin des bef\u00fcrwortenden Komitees.  Zweifel am Sieg kamen ihr vor allem bei der Lekt\u00fcre der Leserbriefe  sowie der vielen grossen Plakate und Inserate der Gegner.<\/p>\n<p>Sie  verfehlten ihre Wirkung nicht. Der HarmoS-Beitritt wurde gestern mit 34  385 Nein- gegen 32 268 Ja-Stimmen knapp abgelehnt. Die Stimmbeteiligung  betrug 45,2 Prozent.<\/p>\n<h4>\u00abGrosser Erfolg\u00bb<\/h4>\n<p>Von  einem \u00abgrossen Erfolg\u00bb und \u00abMisstrauensvotum gegen\u00fcber Regierung und  Parlament\u00bb spricht Franziskus Graber, Co-Pr\u00e4sident des gegnerischen  Komitees. Gegen alle grossen Parteien, die Wirtschaftsverb\u00e4nde und die  Lehrerorganisationen ist es ihm und anderen besorgten Eltern zusammen  mit einzelnen Politikern aus der SVP, der EDU, der KVP und der SD  gelungen, die Abstimmung zu gewinnen.<\/p>\n<p>Das  Volk habe nein gesagt zu einem Abbau der Demokratie in Schulfragen und  einer Schw\u00e4chung der traditionellen Familie, interpretiert der Lehrer  aus Sulgen das gestrige Ergebnis. Und es habe sich gegen die immensen  Kosten ausgesprochen, die HarmoS mit sich gebracht h\u00e4tte. \u00abWesentlich  ist, dass wir im Thurgau weiter das machen k\u00f6nnen, was wir f\u00fcr gut  halten. Bei HarmoS w\u00e4re es damit fertig gewesen.\u00bb<\/p>\n<p>Von  Erziehungsdirektorin Monika Knill erwartet Graber, dass sie ihre  Versprechen w\u00e4hrend des Abstimmungskampfes in bezug auf das neue  Volksschulgesetz h\u00e4lt: Dass also die Eltern ihre Kinder bei Bedarf  weiter ohne psychologische Abkl\u00e4rungen ein Jahr sp\u00e4ter einschulen  k\u00f6nnen, der Kindergarten beibehalten wird und die Tagesstrukturen  kostenpflichtig f\u00fcr alle bleiben.<\/p>\n<p>Das  gegnerische Komitee will Knill k\u00fcnftig genau auf die Finger schauen.  \u00abWir werden uns weiter an der Urne mit geeigneten Mitteln f\u00fcr Familie,  Eigenverantwortung und die Volksrechte einsetzen\u00bb, schreibt es in einer  Mitteilung.<\/p>\n<p>Hart  ins Gericht geht SVP-Mitglied Graber mit der eigenen Kantonalpartei,  die sich f\u00fcr HarmoS aussprach. \u00abSie h\u00e4tte sich profilieren k\u00f6nnen,  verpasste aber die Chance und vertrat ihre Basis damit am  schlechtesten.\u00bb Denn er gehe davon aus, dass 80 Prozent der SVP-W\u00e4hler  am Wochenende nein sagten. \u00abSonst h\u00e4tten wir die Abstimmung nicht  gewonnen.\u00bb<\/p>\n<p>Unzufrieden  mit der SVP Thurgau ist auch Urs Martin, Pr\u00e4sident des  Politiker-Komitees gegen HarmoS und ebenfalls Mitglied der SVP. \u00abWas  mich bedenklich stimmt, ist die Tatsache, dass die SVP Thurgau so  fadengerade am Volk vorbeipolitisiert hat in bezug auf HarmoS.\u00bb<\/p>\n<h4>\u00abGing vielen zu schnell\u00bb<\/h4>\n<p>Nach  Meinung von D\u00e4hler vom Pro-Komitee ist das Nein zum HarmoS-Beitritt  Ausdruck einer latenten Unzufriedenheit mit der Entwicklung in der  Schule. \u00abIch denke, f\u00fcr viele ging es in letzter Zeit einfach zu  schnell.\u00bb Die Vorlage vom Wochenende sei dann zur Projektionsfl\u00e4che f\u00fcr  allen \u00c4rger und alle \u00c4ngste geworden. Den HarmoS-Gegnern mit Argumenten  Paroli zu bieten, sei schwer gewesen. \u00abSie sch\u00fcrten Emotionen und  gebrauchten Schlagw\u00f6rter.\u00bb Die Niederlage sei aber letztlich \u00abnicht so  tragisch\u00bb. \u00abWir haben eine gute Schule im Thurgau und werden sie auch  weiter haben\u00bb, ist D\u00e4hler \u00fcberzeugt. Unmittelbar werde sich nichts  \u00e4ndern, sagt auch Regierungsr\u00e4tin Knill. (Tagblatt)<\/p>\n","protected":false},"excerpt":{"rendered":"<div style=\"padding-bottom:20px; padding-top:10px;\" class=\"hupso-share-buttons\"><!-- Hupso Share Buttons - https:\/\/www.hupso.com\/share\/ --><a class=\"hupso_toolbar\" href=\"https:\/\/www.hupso.com\/share\/\"><img src=\"https:\/\/static.hupso.com\/share\/buttons\/lang\/de\/share-small.png\" style=\"border:0px; padding-top: 5px; float:left;\" alt=\"Share Button\"\/><\/a><script type=\"text\/javascript\">var hupso_services_t=new Array(\"Twitter\",\"Facebook\",\"Google Plus\",\"Pinterest\",\"Linkedin\",\"Digg\",\"Bebo\",\"Delicious\",\"Print\");var hupso_background_t=\"#EAF4FF\";var hupso_border_t=\"#66CCFF\";var hupso_toolbar_size_t=\"small\";var hupso_image_folder_url = \"\";var hupso_url_t=\"\";var hupso_title_t=\"Dezember%202008%3A%20Harmos%20erfolgreich%20bek%C3%A4mpft\";<\/script><script type=\"text\/javascript\" src=\"https:\/\/static.hupso.com\/share\/js\/share_toolbar.js\"><\/script><!-- Hupso Share Buttons --><\/div><p>MARKUS SCHOCH frauenfeld. Bis am Schluss verbreitete Erziehungsdirektorin Monika Knill Optimismus. Noch am Freitag gab sie sich zuversichtlich, dass der HarmoS-Beitritt im Thurgau angenommen werde. Insgeheim waren sich die Bef\u00fcrworter ihrer Sache offenbar jedoch nicht ganz so sicher. \u00abIch habe &hellip; <a href=\"https:\/\/hermannlei.ch\/?p=43\">Weiterlesen <span class=\"meta-nav\">&rarr;<\/span><\/a><\/p>\n","protected":false},"author":2,"featured_media":0,"comment_status":"open","ping_status":"open","sticky":false,"template":"","format":"standard","meta":{"footnotes":""},"categories":[],"tags":[],"class_list":["post-43","post","type-post","status-publish","format-standard","hentry"],"_links":{"self":[{"href":"https:\/\/hermannlei.ch\/index.php?rest_route=\/wp\/v2\/posts\/43","targetHints":{"allow":["GET"]}}],"collection":[{"href":"https:\/\/hermannlei.ch\/index.php?rest_route=\/wp\/v2\/posts"}],"about":[{"href":"https:\/\/hermannlei.ch\/index.php?rest_route=\/wp\/v2\/types\/post"}],"author":[{"embeddable":true,"href":"https:\/\/hermannlei.ch\/index.php?rest_route=\/wp\/v2\/users\/2"}],"replies":[{"embeddable":true,"href":"https:\/\/hermannlei.ch\/index.php?rest_route=%2Fwp%2Fv2%2Fcomments&post=43"}],"version-history":[{"count":2,"href":"https:\/\/hermannlei.ch\/index.php?rest_route=\/wp\/v2\/posts\/43\/revisions"}],"predecessor-version":[{"id":45,"href":"https:\/\/hermannlei.ch\/index.php?rest_route=\/wp\/v2\/posts\/43\/revisions\/45"}],"wp:attachment":[{"href":"https:\/\/hermannlei.ch\/index.php?rest_route=%2Fwp%2Fv2%2Fmedia&parent=43"}],"wp:term":[{"taxonomy":"category","embeddable":true,"href":"https:\/\/hermannlei.ch\/index.php?rest_route=%2Fwp%2Fv2%2Fcategories&post=43"},{"taxonomy":"post_tag","embeddable":true,"href":"https:\/\/hermannlei.ch\/index.php?rest_route=%2Fwp%2Fv2%2Ftags&post=43"}],"curies":[{"name":"wp","href":"https:\/\/api.w.org\/{rel}","templated":true}]}}