{"id":582,"date":"2015-07-02T08:46:02","date_gmt":"2015-07-02T08:46:02","guid":{"rendered":"https:\/\/hermannlei.ch\/?p=582"},"modified":"2015-07-02T08:46:02","modified_gmt":"2015-07-02T08:46:02","slug":"2-7-15-schlitzer-und-schweizer","status":"publish","type":"post","link":"https:\/\/hermannlei.ch\/?p=582","title":{"rendered":"2.7.15 Schlitzer und Schweizer"},"content":{"rendered":"<div style=\"padding-bottom:20px; padding-top:10px;\" class=\"hupso-share-buttons\"><!-- Hupso Share Buttons - https:\/\/www.hupso.com\/share\/ --><a class=\"hupso_toolbar\" href=\"https:\/\/www.hupso.com\/share\/\"><img decoding=\"async\" src=\"https:\/\/static.hupso.com\/share\/buttons\/lang\/de\/share-small.png\" style=\"border:0px; padding-top: 5px; float:left;\" alt=\"Share Button\"\/><\/a><script type=\"text\/javascript\">var hupso_services_t=new Array(\"Twitter\",\"Facebook\",\"Google Plus\",\"Pinterest\",\"Linkedin\",\"Digg\",\"Bebo\",\"Delicious\",\"Print\");var hupso_background_t=\"#EAF4FF\";var hupso_border_t=\"#66CCFF\";var hupso_toolbar_size_t=\"small\";var hupso_image_folder_url = \"\";var hupso_url_t=\"\";var hupso_title_t=\"2.7.15%20Schlitzer%20und%20Schweizer%20\";<\/script><script type=\"text\/javascript\" src=\"https:\/\/static.hupso.com\/share\/js\/share_toolbar.js\"><\/script><!-- Hupso Share Buttons --><\/div><p><span style=\"text-decoration: underline;\">Rassismus bizarr<\/span><\/p>\n<p><a href=\"https:\/\/hermannlei.ch\/wp-content\/uploads\/2015\/07\/SZ-Nr-13-DI-1515.pdf\">SZ Nr 13 DI 1515<\/a><\/p>\n<p><b>Sommer 2011: Die Schwinger-Freunde Roland G. und Kari Z. sitzen beim Feierabend-Bier. Ohne ersichtlichen Grund werden sie von zwei Kosovaren als \u201eScheiss-Schweizer! Dreckspack\u201c angep\u00f6belt.\u00a0 E<\/b><b>iner der Kosovaren z\u00fcckt sein Messer und schlitzt Kari Z. die Kehle auf. Das Blut spritzt. Der lebensgef\u00e4hrlich verletzte Kranzschwinger und SVP-Politiker Kari Z. wird auf die Intensivstation gebracht. Er \u00fcberlebt nur mit viel Gl\u00fcck.<\/b><\/p>\n<p>&nbsp;<\/p>\n<h3>Wahrheit \u00fcber Kosovaren ist strafbar<\/h3>\n<h3>Die politische Klasse emp\u00f6rt sich. Aber nicht etwa ob der grausamen Bluttat des Kosovaren. Nein, sie st\u00f6rt sich daran, dass die SVP ein Inserat schaltet, das den Vorfall thematisiert.\u00a0 Verschiedene Medienh\u00e4user verweigern die Publikation, die Schweizer Bischofskonferenz erkennt im Inserat gar eine \u201egottesl\u00e4sterliche Menschenverachtung\u201c. Muslime reichen Strafanzeige ein. Und das Unglaubliche geschieht: SVP-Generalsekret\u00e4r Martin Baltisser und seine Stellvertreterin Silvia B\u00e4r werden Ende April 2015 wegen Rassendiskriminierung verurteilt. Der Durchschnittsleser k\u00f6nne das Inserat so verstehen, dass die Kosovaren allesamt Verbrecher seien und als \u201eMesserschlitzer\u201c sogar besonders gef\u00e4hrlich, meinte das Gericht; als ob der Durchschnittsleser ein vollkommender Idiot w\u00e4re. Dieses bizarre Urteil stellt einen schweren Schlag gegen die Meinungs\u00e4usserungsfreiheit in der Schweiz dar. Politische Gegner der SVP haben damit erreicht, dass in der Schweiz nicht mehr gesagt und geschrieben werden darf, was ist.<\/h3>\n<h3>Schweizer sind nicht gesch\u00fctzt<\/h3>\n<h3>Ein anderer Fall: Izmir \u00dc. (Name der Redaktion bekannt), ein aus der T\u00fcrkei eingewanderter Papierschweizer, ist Eigent\u00fcmer mehrerer Liegenschaften, in denen er Wohnungen vermietet. Im Rahmen einer Neuvermietung schaltete er am 4. September 2013 ein Inserat in einer Zeitung, in welchem unter anderem vermerkt war &#8222;ab sofort, g\u00fcnstig, keine CH&#8220;.<\/h3>\n<h3><\/h3>\n<h3>Izmir \u00dc. legte in den Medien sogar noch einen drauf: \u201eMit Ausl\u00e4ndern hatte ich noch nie Probleme. Mit den Schweizern schon! Die bezahlen einfach nicht.\u201c, meinte er. Und: \u201eAusl\u00e4nder sind \u00a0ruhig und bezahlen regelm\u00e4ssig.\u201c. Izmir beschrieb Schweizer also pauschal als renitent, betr\u00fcgerisch, zahlungsunwillig und nicht vertragsw\u00fcrdig. Nicht auszudenken, was passiert w\u00e4re, wenn z.B. ein Ladenbesitzer ein Schild in sein Schaufenster stellen w\u00fcrde auf dem es heisst: \u201ekeine Juden\u201c und es damit begr\u00fcndete, Juden w\u00fcrden nicht bezahlen, ihnen k\u00f6nne man nicht trauen.<\/h3>\n<h3>Was bei einem Schweizer sofort zu einer Hausdurchsuchung und Verhaftung gef\u00fchrt h\u00e4tte bewirkte bei Izmir: nichts.\u00a0 Am 6. November 2014 nahm das Untersuchungsrichteramt die Sache trotz Anzeige nicht an die Hand. Der eingeb\u00fcrgerte T\u00fcrke hatte dort ausgesagt, dass er das alles nicht so gemeint habe. Damit war das Thema f\u00fcr die St. Galler Staatsanwaltschaft erledigt. Eine dagegen gerichtete Beschwerde wies die Anklagekammer des Kantons St. Gallen am 14. Januar 2015 ab, desgleichen sp\u00e4ter das Bundesgericht.<\/h3>\n<h3>Rassismus bizarr<\/h3>\n<h3>Warum also wird man bestraft, wenn man wahrheitsgem\u00e4ss schreibt, dass Kosovaren einen Schweizer aufgeschlitzt haben, aber nicht, wenn man Schweizer offenkundig diskriminiert?<\/h3>\n<h3>Einige sind gleicher als gleich<\/h3>\n<h3>Wenn ein T\u00fcrke ein Inserat aufgibt, in welchem er eindeutig Schweizer diskriminiert, wird nicht einmal ein Strafverfahren er\u00f6ffnet. Wenn hingegen Schweizer ein Inserat aufgeben, in dem eine wahre Begebenheit erz\u00e4hlt wird, so wird ein Strafverfahren er\u00f6ffnet und es kommt zu Verurteilungen. \u00a0Daraus wird klar: der Rassismusartikel dient heute vornehmlich der politischen Klasse gegen missliebige Meinungen. Er ist ein Instrument der Inquisition der politischen Korrektheit geworden. Wir sagen: 20 Jahre Meinungsterror sind genug, der Artikel geh\u00f6rt abgeschafft.<\/h3>\n<h3><\/h3>\n<h3>Hermann Lei, Frauenfeld<\/h3>\n","protected":false},"excerpt":{"rendered":"<div style=\"padding-bottom:20px; padding-top:10px;\" class=\"hupso-share-buttons\"><!-- Hupso Share Buttons - https:\/\/www.hupso.com\/share\/ --><a class=\"hupso_toolbar\" href=\"https:\/\/www.hupso.com\/share\/\"><img src=\"https:\/\/static.hupso.com\/share\/buttons\/lang\/de\/share-small.png\" style=\"border:0px; padding-top: 5px; float:left;\" alt=\"Share Button\"\/><\/a><script type=\"text\/javascript\">var hupso_services_t=new Array(\"Twitter\",\"Facebook\",\"Google Plus\",\"Pinterest\",\"Linkedin\",\"Digg\",\"Bebo\",\"Delicious\",\"Print\");var hupso_background_t=\"#EAF4FF\";var hupso_border_t=\"#66CCFF\";var hupso_toolbar_size_t=\"small\";var hupso_image_folder_url = \"\";var hupso_url_t=\"\";var hupso_title_t=\"2.7.15%20Schlitzer%20und%20Schweizer%20\";<\/script><script type=\"text\/javascript\" src=\"https:\/\/static.hupso.com\/share\/js\/share_toolbar.js\"><\/script><!-- Hupso Share Buttons --><\/div><p>Rassismus bizarr SZ Nr 13 DI 1515 Sommer 2011: Die Schwinger-Freunde Roland G. und Kari Z. sitzen beim Feierabend-Bier. Ohne ersichtlichen Grund werden sie von zwei Kosovaren als \u201eScheiss-Schweizer! Dreckspack\u201c angep\u00f6belt.\u00a0 Einer der Kosovaren z\u00fcckt sein Messer und schlitzt Kari &hellip; <a href=\"https:\/\/hermannlei.ch\/?p=582\">Weiterlesen <span class=\"meta-nav\">&rarr;<\/span><\/a><\/p>\n","protected":false},"author":2,"featured_media":0,"comment_status":"open","ping_status":"open","sticky":false,"template":"","format":"standard","meta":{"footnotes":""},"categories":[],"tags":[],"class_list":["post-582","post","type-post","status-publish","format-standard","hentry"],"_links":{"self":[{"href":"https:\/\/hermannlei.ch\/index.php?rest_route=\/wp\/v2\/posts\/582","targetHints":{"allow":["GET"]}}],"collection":[{"href":"https:\/\/hermannlei.ch\/index.php?rest_route=\/wp\/v2\/posts"}],"about":[{"href":"https:\/\/hermannlei.ch\/index.php?rest_route=\/wp\/v2\/types\/post"}],"author":[{"embeddable":true,"href":"https:\/\/hermannlei.ch\/index.php?rest_route=\/wp\/v2\/users\/2"}],"replies":[{"embeddable":true,"href":"https:\/\/hermannlei.ch\/index.php?rest_route=%2Fwp%2Fv2%2Fcomments&post=582"}],"version-history":[{"count":1,"href":"https:\/\/hermannlei.ch\/index.php?rest_route=\/wp\/v2\/posts\/582\/revisions"}],"predecessor-version":[{"id":584,"href":"https:\/\/hermannlei.ch\/index.php?rest_route=\/wp\/v2\/posts\/582\/revisions\/584"}],"wp:attachment":[{"href":"https:\/\/hermannlei.ch\/index.php?rest_route=%2Fwp%2Fv2%2Fmedia&parent=582"}],"wp:term":[{"taxonomy":"category","embeddable":true,"href":"https:\/\/hermannlei.ch\/index.php?rest_route=%2Fwp%2Fv2%2Fcategories&post=582"},{"taxonomy":"post_tag","embeddable":true,"href":"https:\/\/hermannlei.ch\/index.php?rest_route=%2Fwp%2Fv2%2Ftags&post=582"}],"curies":[{"name":"wp","href":"https:\/\/api.w.org\/{rel}","templated":true}]}}