{"id":675,"date":"2015-12-17T17:07:17","date_gmt":"2015-12-17T17:07:17","guid":{"rendered":"https:\/\/hermannlei.ch\/?p=675"},"modified":"2016-01-04T10:50:23","modified_gmt":"2016-01-04T10:50:23","slug":"17-12-15-froehliche-jahresendfeier","status":"publish","type":"post","link":"https:\/\/hermannlei.ch\/?p=675","title":{"rendered":"17.12.15 Fr\u00f6hliche Jahresendfeier!"},"content":{"rendered":"<div style=\"padding-bottom:20px; padding-top:10px;\" class=\"hupso-share-buttons\"><!-- Hupso Share Buttons - https:\/\/www.hupso.com\/share\/ --><a class=\"hupso_toolbar\" href=\"https:\/\/www.hupso.com\/share\/\"><img decoding=\"async\" src=\"https:\/\/static.hupso.com\/share\/buttons\/lang\/de\/share-small.png\" style=\"border:0px; padding-top: 5px; float:left;\" alt=\"Share Button\"\/><\/a><script type=\"text\/javascript\">var hupso_services_t=new Array(\"Twitter\",\"Facebook\",\"Google Plus\",\"Pinterest\",\"Linkedin\",\"Digg\",\"Bebo\",\"Delicious\",\"Print\");var hupso_background_t=\"#EAF4FF\";var hupso_border_t=\"#66CCFF\";var hupso_toolbar_size_t=\"small\";var hupso_image_folder_url = \"\";var hupso_url_t=\"\";var hupso_title_t=\"17.12.15%20Fr%C3%B6hliche%20Jahresendfeier%21\";<\/script><script type=\"text\/javascript\" src=\"https:\/\/static.hupso.com\/share\/js\/share_toolbar.js\"><\/script><!-- Hupso Share Buttons --><\/div><p><em><a href=\"https:\/\/hermannlei.ch\/wp-content\/uploads\/2015\/12\/151218-24.pdf\">151218-24<\/a><\/em><\/p>\n<p><em>Politisch korrekte Weihnachten<\/em><\/p>\n<p><strong>\u00a0<\/strong><\/p>\n<p>&nbsp;<\/p>\n<p><em>Von Herman Lei, Kantonsrat, Frauenfeld TG<\/em><\/p>\n<p>&nbsp;<\/p>\n<p><strong>Fl\u00fcchtlinge, Asylbewerber und Dschihadisten \u2013 sie alle st\u00f6ren sich an unseren christlichen Br\u00e4uchen. Eilfertige Beh\u00f6rden sorgen deshalb daf\u00fcr, dass die christliche Symbolik aus unserem gelebten Alltag verschwindet. <\/strong><\/p>\n<p><strong>\u00a0<\/strong><\/p>\n<p>Josef, Maria und das Jesuskind standen gerade einmal 24 Stunden in der Krippe unter dem offiziellen Weihnachtsbaum. Dann liess der Neuenburger SP-Stadtrat Olivier Arni die Holzkrippe entfernen. \u00abDie Tanne soll nicht mit religi\u00f6sen Symbolen in Verbindung gebracht werden\u00bb, rechtfertigte der Stadtrat die Abr\u00e4umaktion. \u00abEs ist eine Tanne f\u00fcr alle B\u00fcrger, konfessionslose und gl\u00e4ubige.\u00bb<\/p>\n<p>&nbsp;<\/p>\n<p>Mit der Verbannung christlicher Symbole steht der SP-Stadtrat nicht allein. Aus Angst vor Andersgl\u00e4ubigen singen unsere Sch\u00fcler nicht mehr \u00abStille Nacht, heilige Nacht\u00bb, sondern \u00abZimetst\u00e4rn hani gern\u00bb. Beh\u00f6rden versenden Neujahrsgr\u00fcsse statt Weihnachtskarten und w\u00fcnschen an der \u00abJahresendfeier\u00bb fr\u00f6hliche Feiertage statt \u00abfrohe Weihnachten\u00bb. Die Umdeutung christlicher Symbolik zu Weihnachten erinnert an die DDR, wo Engel zu \u00abgefl\u00fcgelten Jahresend-Figuren\u00bb wurden. Auch der Samichlaus hat\u2019s immer schwerer: Nichtchristlichen Eltern passt der katholische Heilige nicht. Bald sind Ostern oder Pfingsten dran.<\/p>\n<p>&nbsp;<\/p>\n<p>In ganz Europa gehen die Lichter aus: Der Weihnachtsbaum von Paris musste aus Angst vor terroristischen Anschl\u00e4gen durch Islamisten weichen. In mehreren deutschen St\u00e4dten werden \u00abWeihnachtsm\u00e4rkte\u00bb zu \u00abWinterfesten\u00bb, weil Nicht-Christen sich am Namen st\u00f6ren k\u00f6nnten. In Nordrhein-Westfalen wollte Die Linke den Tag des Heiligen Martin in \u00abSonne-Mond-und-Sterne-Fest\u00bb umbenennen, um Kinder anderer Kulturkreise nicht mit christlichen Traditionen zu belasten. In Solingen will man statt der \u00abWeihnachtsbeleuchtung\u00bb das \u00abWinterlicht\u00bb anz\u00fcnden. Wegen der \u00abFl\u00fcchtlinge\u00bb wird das vorweihnachtliche Brauchtum auch in \u00d6sterreich zur\u00fcckgedr\u00e4ngt: Diverse Krampusl\u00e4ufe \u2013 vielerorts fixer Bestandteil der Adventsbr\u00e4uche \u2013 wurden abgesagt. Der \u00abKrampus\u00bb ist eine Schreckgestalt in Begleitung des heiligen <a href=\"https:\/\/de.wikipedia.org\/wiki\/Nikolaus_von_Myra\">Nikolaus<\/a>. W\u00e4hrend der Nikolaus die braven Kinder beschenkt, werden die unartigen vom Krampus bestraft. Die Masken w\u00fcrden die \u00abFl\u00fcchtlinge\u00bb erschrecken, hiess es.<\/p>\n<p>&nbsp;<\/p>\n<p>Das christliche Abendland knickt ein, um Anh\u00e4nger anderer Religionen keinen Anlass zum Zorn zu bieten. Insbesondere die Dominanz des Islam in der \u00d6ffentlichkeit nimmt zu, auch weil viele die christlichen Werte nicht verteidigen und leben.<\/p>\n<p>&nbsp;<\/p>\n<p>In diesem Sinne w\u00fcnsche ich Ihnen nicht etwa \u00absch\u00f6ne Festtage\u00bb und bestelle Ihnen auch keine netten \u00abNeujahresgr\u00fcsse\u00bb, sondern w\u00fcnsche Ihnen und Ihren Liebsten schlicht und einfach \u00abbesinnliche Weihnachten\u00bb!<\/p>\n<p>&nbsp;<\/p>\n<p><em>Hermann Lei, Frauenfeld<\/em><\/p>\n<p><em>\u00a0<\/em><\/p>\n","protected":false},"excerpt":{"rendered":"<div style=\"padding-bottom:20px; padding-top:10px;\" class=\"hupso-share-buttons\"><!-- Hupso Share Buttons - https:\/\/www.hupso.com\/share\/ --><a class=\"hupso_toolbar\" href=\"https:\/\/www.hupso.com\/share\/\"><img src=\"https:\/\/static.hupso.com\/share\/buttons\/lang\/de\/share-small.png\" style=\"border:0px; padding-top: 5px; float:left;\" alt=\"Share Button\"\/><\/a><script type=\"text\/javascript\">var hupso_services_t=new Array(\"Twitter\",\"Facebook\",\"Google Plus\",\"Pinterest\",\"Linkedin\",\"Digg\",\"Bebo\",\"Delicious\",\"Print\");var hupso_background_t=\"#EAF4FF\";var hupso_border_t=\"#66CCFF\";var hupso_toolbar_size_t=\"small\";var hupso_image_folder_url = \"\";var hupso_url_t=\"\";var hupso_title_t=\"17.12.15%20Fr%C3%B6hliche%20Jahresendfeier%21\";<\/script><script type=\"text\/javascript\" src=\"https:\/\/static.hupso.com\/share\/js\/share_toolbar.js\"><\/script><!-- Hupso Share Buttons --><\/div><p>151218-24 Politisch korrekte Weihnachten \u00a0 &nbsp; Von Herman Lei, Kantonsrat, Frauenfeld TG &nbsp; Fl\u00fcchtlinge, Asylbewerber und Dschihadisten \u2013 sie alle st\u00f6ren sich an unseren christlichen Br\u00e4uchen. Eilfertige Beh\u00f6rden sorgen deshalb daf\u00fcr, dass die christliche Symbolik aus unserem gelebten Alltag verschwindet. &hellip; <a href=\"https:\/\/hermannlei.ch\/?p=675\">Weiterlesen <span class=\"meta-nav\">&rarr;<\/span><\/a><\/p>\n","protected":false},"author":2,"featured_media":0,"comment_status":"open","ping_status":"open","sticky":false,"template":"","format":"standard","meta":{"footnotes":""},"categories":[],"tags":[],"class_list":["post-675","post","type-post","status-publish","format-standard","hentry"],"_links":{"self":[{"href":"https:\/\/hermannlei.ch\/index.php?rest_route=\/wp\/v2\/posts\/675","targetHints":{"allow":["GET"]}}],"collection":[{"href":"https:\/\/hermannlei.ch\/index.php?rest_route=\/wp\/v2\/posts"}],"about":[{"href":"https:\/\/hermannlei.ch\/index.php?rest_route=\/wp\/v2\/types\/post"}],"author":[{"embeddable":true,"href":"https:\/\/hermannlei.ch\/index.php?rest_route=\/wp\/v2\/users\/2"}],"replies":[{"embeddable":true,"href":"https:\/\/hermannlei.ch\/index.php?rest_route=%2Fwp%2Fv2%2Fcomments&post=675"}],"version-history":[{"count":4,"href":"https:\/\/hermannlei.ch\/index.php?rest_route=\/wp\/v2\/posts\/675\/revisions"}],"predecessor-version":[{"id":681,"href":"https:\/\/hermannlei.ch\/index.php?rest_route=\/wp\/v2\/posts\/675\/revisions\/681"}],"wp:attachment":[{"href":"https:\/\/hermannlei.ch\/index.php?rest_route=%2Fwp%2Fv2%2Fmedia&parent=675"}],"wp:term":[{"taxonomy":"category","embeddable":true,"href":"https:\/\/hermannlei.ch\/index.php?rest_route=%2Fwp%2Fv2%2Fcategories&post=675"},{"taxonomy":"post_tag","embeddable":true,"href":"https:\/\/hermannlei.ch\/index.php?rest_route=%2Fwp%2Fv2%2Ftags&post=675"}],"curies":[{"name":"wp","href":"https:\/\/api.w.org\/{rel}","templated":true}]}}