{"id":686,"date":"2016-03-09T10:53:35","date_gmt":"2016-03-09T10:53:35","guid":{"rendered":"https:\/\/hermannlei.ch\/?p=686"},"modified":"2016-03-09T10:53:35","modified_gmt":"2016-03-09T10:53:35","slug":"12-12-16-asyl-auf-zeit","status":"publish","type":"post","link":"https:\/\/hermannlei.ch\/?p=686","title":{"rendered":"12.12.16 Asyl auf Zeit"},"content":{"rendered":"<div style=\"padding-bottom:20px; padding-top:10px;\" class=\"hupso-share-buttons\"><!-- Hupso Share Buttons - https:\/\/www.hupso.com\/share\/ --><a class=\"hupso_toolbar\" href=\"https:\/\/www.hupso.com\/share\/\"><img decoding=\"async\" src=\"https:\/\/static.hupso.com\/share\/buttons\/lang\/de\/share-small.png\" style=\"border:0px; padding-top: 5px; float:left;\" alt=\"Share Button\"\/><\/a><script type=\"text\/javascript\">var hupso_services_t=new Array(\"Twitter\",\"Facebook\",\"Google Plus\",\"Pinterest\",\"Linkedin\",\"Digg\",\"Bebo\",\"Delicious\",\"Print\");var hupso_background_t=\"#EAF4FF\";var hupso_border_t=\"#66CCFF\";var hupso_toolbar_size_t=\"small\";var hupso_image_folder_url = \"\";var hupso_url_t=\"\";var hupso_title_t=\"12.12.16%20Asyl%20auf%20Zeit\";<\/script><script type=\"text\/javascript\" src=\"https:\/\/static.hupso.com\/share\/js\/share_toolbar.js\"><\/script><!-- Hupso Share Buttons --><\/div><p><strong><u>Massnahmen gegen massenhafte illegale Einwanderung <\/u><\/strong><\/p>\n<p><strong>Die Erteilung von Asyl auf Zeit bedeutet, dass wer als Fl\u00fcchtling anerkannt wird zwar eine Aufenthaltsbewilligung erh\u00e4lt, diese aber nur befristet, d.h. f\u00fcr eine bestimmte Zeit, z.B. f\u00fcr drei Jahre, ausgestellt wird. Das sollte auch die Schweiz einf\u00fchren.<\/strong><\/p>\n<p>&nbsp;<\/p>\n<p>In ganz Europa wird das Asylrecht durch unechte \u201eFl\u00fcchtlinge\u201c missbraucht und dient dazu, die widerrechtliche Einwanderung zu erzwingen. Mittlerweile sind wir mit einer derart starken Wanderbewegung konfrontiert, dass wir unser Asylrecht \u00fcberdenken m\u00fcssen. Art. 55 des Asylgesetzes w\u00fcrde es erm\u00f6glichen, den Asylanspruch einzuschr\u00e4nken. Das w\u00e4re dringend n\u00f6tig, aber der Wille, dem Treiben Einhalt zu gebieten, fehlt. Im Gegenteil: Man will jedem Asylbewerber sogar noch einen pers\u00f6nlichen Anwalt schenken. Andere L\u00e4nder gehen in die andere Richtung.<\/p>\n<p>&nbsp;<\/p>\n<p><strong>\u00d6sterreich macht es vor<\/strong><\/p>\n<p>&nbsp;<\/p>\n<p>In \u00d6sterreich wurde k\u00fcrzlich ein neues Asylgesetz verabschiedet, dass nun eines der sch\u00e4rfsten Gesetze Europas sein soll. Kern dieses neuen Gesetzes ist die Einf\u00fchrung von &#8222;Asyl auf Zeit&#8220;, also die Befristung des Asylstatus auf maximal drei Jahre. K\u00fcnftig wird damit generell nur noch f\u00fcr eine Frist von drei Jahren Schutz gew\u00e4hrt &#8211; danach l\u00e4uft das Aufenthaltsrecht automatisch aus. Nach drei Jahren muss gepr\u00fcft werden, ob die Schutzgr\u00fcnde weiter bestehen. \u00d6sterreich n\u00e4hert damit seine Asylbestimmungen an deutsches Recht an, obwohl sich Deutschland erst im letzten Jahr von dieser Regelung entfernt hat.<\/p>\n<p>&nbsp;<\/p>\n<p><strong>Und die Schweiz?<\/strong><\/p>\n<p><strong>\u00a0<\/strong><\/p>\n<p>Nach f\u00fcnf Jahren erh\u00e4lt ein anerkannter Fl\u00fcchtling automatisch eine Aufenthaltsbewilligung C, d.h. er ist Schweizern praktisch gleichgestellt. Wer keine Asylgr\u00fcnde hat (das sind ca. 75% der Asylbewerber), aber nicht in seine Heimat zur\u00fcckgeschoben werden kann (das ist wieder die Mehrheit dieser Personen) wird vorl\u00e4ufig in der Schweiz aufgenommen. Diese Personen k\u00f6nnen ebenfalls nach einigen Jahren eine Aufenthaltsbewilligung erhalten. Das bewirkt, dass es sehr attraktiv ist, auch als unechter Fl\u00fcchtling in der Schweiz um Asyl zu suchen.<\/p>\n<p>&nbsp;<\/p>\n<p><strong>Asyl auf Zeit<\/strong><\/p>\n<p><strong>\u00a0<\/strong><\/p>\n<p>Sollte ein Asyl auf Zeit eingef\u00fchrt werden, so w\u00fcrde dies im Grundsatz bedeuten, dass alle Asylbewilligungen zun\u00e4chst f\u00fcr eine bestimmte Zeit erteilt werden und nach Ablauf dieser Frist das Gesuch erneut gepr\u00fcft werden muss. Neu sollte im Gesetz der Grundsatz verankert werden, dass die Gew\u00e4hrung von Asyl auf eine bestimmte Zeit beschr\u00e4nkt wird (bspw. bei Art. 49 ff. AsylG). Eine solche Regelung ist mit der Genfer Fl\u00fcchtlingskonvention vereinbar, da diese eine \u00dcberpr\u00fcfung erm\u00f6glicht. Wird ein Asyl auf Zeit eingef\u00fchrt, w\u00fcrde das f\u00fcr die Fl\u00fcchtlinge bedeuten, dass sie \u2013 trotz Anerkennung der Fl\u00fcchtlingseigenschaft \u2013 nicht wirklich aufgenommen werden in der Schweiz. Die Aufenthaltsbewilligung w\u00e4re nur f\u00fcr eine bestimmte Zeit ausgestellt. Ist der Fl\u00fcchtling nicht mehr bedroht, so kann und muss er in seine Heimat zur\u00fcckkehren.<\/p>\n<p>&nbsp;<\/p>\n<p><strong>Nicht neu<\/strong><\/p>\n<p><strong>\u00a0<\/strong><\/p>\n<p>Solches ist unserem Asylrecht nicht fremd: bei den vorl\u00e4ufig aufgenommenen Personen wird stets \u00fcberpr\u00fcft, ob diese zur\u00fcckgeschafft werden k\u00f6nnen. Und gem\u00e4ss <a href=\"https:\/\/www.admin.ch\/opc\/de\/classified-compilation\/19995092\/index.html#a4\">Art. 4 des Asylgesetzes <\/a>kann die Schweiz Schutzbed\u00fcrftigen vor\u00fcbergehenden Schutz gew\u00e4hren. Die Einf\u00fchrung eines Asyls auf Zeit wirkt abschreckend auf unechte Fl\u00fcchtlinge. Diese sind ja nicht bedroht, sondern wollen ihre Niederlassung in der Schweiz erschwindeln. Wer weiss, dass er dieses Ziel wohl nicht erreichen wird, wird schon gar nicht erst ein Asylgesuch in der Schweiz stellen. Echte Fl\u00fcchtlinge hingegen haben nichts zu bef\u00fcrchten und werden auch gerne wieder in ihr Heimatland zur\u00fcckkehren, wenn die Bedrohung entfallen ist.<\/p>\n<p>&nbsp;<\/p>\n<p><strong>Vorteile \u00fcberwiegen deutlich<\/strong><\/p>\n<p><strong>\u00a0<\/strong><\/p>\n<p>Beim Asyl auf Zeit entsteht zwar ein gewisser Mehraufwand und \u201eZeitasylfl\u00fcchtlinge\u201c entwickeln vielleicht nicht den gleichen Integrationswillen, wie wenn die Bewilligung auf unbestimmte Zeit ausgestellt wird. Auch wird die Arbeitssuche f\u00fcr solche Personen schwieriger. Meines Erachtens \u00fcberwiegen aber die Vorteile \u2013 stark verringerte Asylbewerberzahlen \u2013 deutlich. Es sollte daher das \u201eAsyl auf Zeit\u201c auch in der Schweiz eingef\u00fchrt werden.<\/p>\n<p>&nbsp;<\/p>\n<p>Hermann Lei, Kantonsrat SVP, Frauenfeld<\/p>\n<p>&nbsp;<\/p>\n","protected":false},"excerpt":{"rendered":"<div style=\"padding-bottom:20px; padding-top:10px;\" class=\"hupso-share-buttons\"><!-- Hupso Share Buttons - https:\/\/www.hupso.com\/share\/ --><a class=\"hupso_toolbar\" href=\"https:\/\/www.hupso.com\/share\/\"><img src=\"https:\/\/static.hupso.com\/share\/buttons\/lang\/de\/share-small.png\" style=\"border:0px; padding-top: 5px; float:left;\" alt=\"Share Button\"\/><\/a><script type=\"text\/javascript\">var hupso_services_t=new Array(\"Twitter\",\"Facebook\",\"Google Plus\",\"Pinterest\",\"Linkedin\",\"Digg\",\"Bebo\",\"Delicious\",\"Print\");var hupso_background_t=\"#EAF4FF\";var hupso_border_t=\"#66CCFF\";var hupso_toolbar_size_t=\"small\";var hupso_image_folder_url = \"\";var hupso_url_t=\"\";var hupso_title_t=\"12.12.16%20Asyl%20auf%20Zeit\";<\/script><script type=\"text\/javascript\" src=\"https:\/\/static.hupso.com\/share\/js\/share_toolbar.js\"><\/script><!-- Hupso Share Buttons --><\/div><p>Massnahmen gegen massenhafte illegale Einwanderung Die Erteilung von Asyl auf Zeit bedeutet, dass wer als Fl\u00fcchtling anerkannt wird zwar eine Aufenthaltsbewilligung erh\u00e4lt, diese aber nur befristet, d.h. f\u00fcr eine bestimmte Zeit, z.B. f\u00fcr drei Jahre, ausgestellt wird. Das sollte auch &hellip; <a href=\"https:\/\/hermannlei.ch\/?p=686\">Weiterlesen <span class=\"meta-nav\">&rarr;<\/span><\/a><\/p>\n","protected":false},"author":2,"featured_media":0,"comment_status":"open","ping_status":"open","sticky":false,"template":"","format":"standard","meta":{"footnotes":""},"categories":[],"tags":[],"class_list":["post-686","post","type-post","status-publish","format-standard","hentry"],"_links":{"self":[{"href":"https:\/\/hermannlei.ch\/index.php?rest_route=\/wp\/v2\/posts\/686","targetHints":{"allow":["GET"]}}],"collection":[{"href":"https:\/\/hermannlei.ch\/index.php?rest_route=\/wp\/v2\/posts"}],"about":[{"href":"https:\/\/hermannlei.ch\/index.php?rest_route=\/wp\/v2\/types\/post"}],"author":[{"embeddable":true,"href":"https:\/\/hermannlei.ch\/index.php?rest_route=\/wp\/v2\/users\/2"}],"replies":[{"embeddable":true,"href":"https:\/\/hermannlei.ch\/index.php?rest_route=%2Fwp%2Fv2%2Fcomments&post=686"}],"version-history":[{"count":1,"href":"https:\/\/hermannlei.ch\/index.php?rest_route=\/wp\/v2\/posts\/686\/revisions"}],"predecessor-version":[{"id":687,"href":"https:\/\/hermannlei.ch\/index.php?rest_route=\/wp\/v2\/posts\/686\/revisions\/687"}],"wp:attachment":[{"href":"https:\/\/hermannlei.ch\/index.php?rest_route=%2Fwp%2Fv2%2Fmedia&parent=686"}],"wp:term":[{"taxonomy":"category","embeddable":true,"href":"https:\/\/hermannlei.ch\/index.php?rest_route=%2Fwp%2Fv2%2Fcategories&post=686"},{"taxonomy":"post_tag","embeddable":true,"href":"https:\/\/hermannlei.ch\/index.php?rest_route=%2Fwp%2Fv2%2Ftags&post=686"}],"curies":[{"name":"wp","href":"https:\/\/api.w.org\/{rel}","templated":true}]}}