{"id":88,"date":"2011-02-24T14:57:39","date_gmt":"2011-02-24T14:57:39","guid":{"rendered":"https:\/\/hermannlei.ch\/?p=88"},"modified":"2011-02-24T14:57:39","modified_gmt":"2011-02-24T14:57:39","slug":"wenn-ihr-hier-nicht-glucklich-seid-dann-geht","status":"publish","type":"post","link":"https:\/\/hermannlei.ch\/?p=88","title":{"rendered":"Wenn ihr hier nicht gl\u00fccklich seid, dann geht!"},"content":{"rendered":"<div style=\"padding-bottom:20px; padding-top:10px;\" class=\"hupso-share-buttons\"><!-- Hupso Share Buttons - https:\/\/www.hupso.com\/share\/ --><a class=\"hupso_toolbar\" href=\"https:\/\/www.hupso.com\/share\/\"><img decoding=\"async\" src=\"https:\/\/static.hupso.com\/share\/buttons\/lang\/de\/share-small.png\" style=\"border:0px; padding-top: 5px; float:left;\" alt=\"Share Button\"\/><\/a><script type=\"text\/javascript\">var hupso_services_t=new Array(\"Twitter\",\"Facebook\",\"Google Plus\",\"Pinterest\",\"Linkedin\",\"Digg\",\"Bebo\",\"Delicious\",\"Print\");var hupso_background_t=\"#EAF4FF\";var hupso_border_t=\"#66CCFF\";var hupso_toolbar_size_t=\"small\";var hupso_image_folder_url = \"\";var hupso_url_t=\"\";var hupso_title_t=\"Wenn%20ihr%20hier%20nicht%20gl%C3%BCcklich%20seid%2C%20dann%20geht%21\";<\/script><script type=\"text\/javascript\" src=\"https:\/\/static.hupso.com\/share\/js\/share_toolbar.js\"><\/script><!-- Hupso Share Buttons --><\/div><p><strong>Einwanderer, nicht Schweizer m\u00fcssen sich anpassen<\/strong><\/p>\n<p><strong>Dies ist eine angepasste und erg\u00e4nzte Version einer Rede,  welche der fr\u00fchere australische Premier John Howard anl\u00e4sslich der Rede  zum Jahrestag der Bali-Attentate gehalten haben soll, erg\u00e4nzt unter  anderem durch eigene Worte sowie Zitate von Thilo Sarazzin, Angela  Merkel, Jan Fleischhauer und dem t\u00fcrkischen Staatspr\u00e4sidenten Abdullah  G\u00fcl. Es ist ein Aufruf an die Einwanderer, sich anzupassen \u2013 oder das  Land zu verlassen.<\/strong><\/p>\n<p><strong>Nutzt Eure Chancen!<br \/>\n<\/strong>Viele Ausl\u00e4nder fordern mehr  Integration durch die Schweizer. Nun, ich kann mir kaum ein Land  vorstellen, das einem Ausl\u00e4nder mehr Integrationsm\u00f6glichkeiten und mehr  Lebenschancen bietet als die Schweiz. Ihr erhaltet vom Kindergarten bis  zur Doktorarbeit fast kostenlose Ausbildung, kostenlose oder sehr  preiswerte Sprachkurse, gesundheitliche Vollversorgung und, wenn ihr  euch etwas M\u00fche gebt, auch Arbeit. Man muss die ausgestreckte Hand nur  ergreifen und schon ist man Teil der Gesellschaft. Ihr habt euer Land  verlassen, weil ihr hier eine bessere Zukunft sucht. Ihr k\u00f6nnt Vertrauen  haben zu diesem Land. Wir geben euch alle M\u00f6glichkeiten.<\/p>\n<p><strong>Seid strebsam!<strong><em><br \/>\n<\/em><\/strong><\/strong>Tats\u00e4chlich  ist die Schweiz eines der fremdenfreundlichsten L\u00e4nder der Welt. Wir  haben uns entschlossen, bei der Vergabe von Sozialleistungen grossz\u00fcgig  dar\u00fcber hinwegzusehen, ob einer hier geboren ist oder nicht. Schon der  Status \u00abgeduldet\u00bb ist mit Rechten verbunden, die andernorts erst die  Staatsb\u00fcrgerschaft oder eine lange Arbeitshistorie mit sich bringt. Ist  es da vermessen, zu erwarten, dass diese Grossz\u00fcgigkeit mit besonderem  Ehrgeiz belohnt wird, dass Menschen, die das Wagnis eingehen, ihr Heil  in der Fremde zu suchen, besonders einfallsreich und strebsam sind?  Nein. Und dennoch: Wir lassen uns einreden, wir seien fremdenfeindlich  und d\u00fcrften euch daher nicht so klar sagen, was wir von euch erwarten.<\/p>\n<p><strong><strong><strong>Integriert Euch!<br \/>\n<\/strong><\/strong><\/strong>Aber: Als Ausl\u00e4nder in einem fremden Land werdet ihr nicht integriert, sondern ihr m\u00fcsst euch integrieren. Integration ist  eine Leistung dessen, der hierher kommt. Das gilt f\u00fcr euch und eure  Kinder. Wenn ihr in der Schweiz leben, wenn ihr hier Kinder aufziehen  wollt, dann erwarten wir auch, dass ihr diesen Kindern unsere Werte und  unsere Kultur beibringt. Jemanden, der nichts tut, muss ich auch nicht  anerkennen. Ich muss niemanden anerkennen, der vom Staat lebt, diesen  Staat ablehnt und f\u00fcr die Ausbildung seiner Kinder nicht vern\u00fcnftig  sorgt. Wenn ihr euch nicht in dieses Land einf\u00fcgen wollt <em>\u2026 <\/em>so versucht es anderswo!<em> <\/em><strong><em> <\/em><\/strong><\/p>\n<p><strong>Lernt unsere Sprache!<br \/>\n<\/strong>Wir k\u00f6nnen es nicht  verstehen, wenn ihr trotz teils jahrelanger Anwesenheit unsere Sprache  nicht sprechen wollt. Ist das nicht eine Geringsch\u00e4tzung des Landes \u2013  das bereit ist, euch alles zu geben, wenn ihr nur wollt \u2013 und seiner  Kultur? Unsere Kultur ist \u00fcber Jahrhunderte gewachsen, gepr\u00e4gt von  Gefechten, Prozessen und Siegen von Frauen und M\u00e4nnern, die alle nur  Frieden gesucht und gewollt haben. Wir sprechen Deutsch, Italienisch und  Franz\u00f6sisch, nicht Serbisch, T\u00fcrkisch, Rum\u00e4nisch oder andere Sprachen.  Ihr habt daher keinen Anspruch darauf, dass wir eure Sprache lernen. Nur  wenn ihr euch mit uns verst\u00e4ndigen k\u00f6nnt, und zwar fliessend und ohne  Akzent, k\u00f6nnt ihr Teil unserer Gesellschaft werden. Deswegen, wenn ihr  Teil unseres Landes werden wollt \u2026 lernt unsere Sprache!<\/p>\n<p><strong><strong>Respektiert unsere Demokratie!<br \/>\n<\/strong><\/strong>Die  Schweizer haben in Jahrhunderten dieses Land aufgebaut. Mit Mut, Gl\u00fcck,  Schweiss, Blut und Tr\u00e4nen haben unsere Vorfahren uns ein reiches,  freies und gl\u00fcckliches Land hinterlassen, ein so sch\u00f6nes Land, dass sich  j\u00e4hrlich Hunderttausende von euch hier niederlassen wollen. Zu Recht  sind wir auch stolz auf unsere direkte Demokratie, die einzigartigen  Volksrechte. Bei uns bestimmt der B\u00fcrger, ob er Waffen tragen will,  welche religi\u00f6sen Bauwerke gebaut werden und wer das Land verlassen  muss, wenn er Gewalt gegen seine Einwohner ver\u00fcbt hat. Und der B\u00fcrger  bestimmt, wen er in den Kreis der B\u00fcrger aufnehmen will. Wenn ihr das  nicht ohne wenn und aber akzeptieren wollt, dann seid ihr frei, eure  B\u00fcrgerrechte in einem Land eurer Wahl auszu\u00fcben. Ich habe es satt, dass  unser Land sich st\u00e4ndig Sorgen machen muss, ob es einige Individuen oder  deren Land beleidigt. Wenn ihr also glaubt, ihr w\u00fcrdet hier  diskriminiert <em>\u2026 <\/em>dann sucht euch ein Land wo ihr zufriedener seid!<\/p>\n<p><strong><strong>Anstand<br \/>\n<\/strong><\/strong>Unser Land ist arm.  Keine Bodensch\u00e4tze, keine fruchtbaren riesigen Ackerfl\u00e4chen, kein Meer  schenkt uns Wohlstand und Sicherheit. Der Erfolg unseres Landes besteht  deshalb darin, dass der \u00fcberwiegende Teil seiner Bewohner fleissig,  sparsam und anst\u00e4ndig ist. Jeder hat f\u00fcr sich selbst zu sorgen. Und nur  wenn es gar nicht mehr anders geht, bitten wir um Unterst\u00fctzung, eine  Unterst\u00fctzung die auch gerne gew\u00e4hrt wird, wenn wir wissen, dass sie  notwendig ist. Und weil das so ist, gibt es noch weniger als irgendwo  sonst einen Grund, zu stehlen, zu betr\u00fcgen oder auf sonstige Art das  Gesetz zu brechen. Wenn ihr also nur in unser Land kommt, um  Unterst\u00fctzung zu ergattern, wenn ihr unsere Sozialwerke missbraucht,  unsere Lehrer verspottet und unsere Gef\u00e4ngnisse f\u00fcllt, so ist es nur  recht und billig, dass wir sagen: Das wollen wir nicht, ihr m\u00fcsst gehen!<\/p>\n<p><strong><strong><strong>Akzeptiert unseren Glauben!<br \/>\n<\/strong><\/strong><\/strong>Die  meisten Schweizer glauben an Gott. Es sind nicht einige wenige  Christen, es ist kein politisch rechter Fl\u00fcgel, es ist kein politisch  motivierter Zwang, nein \u2013 es ist eine Tatsache, denn christliche Frauen  und M\u00e4nner, mit christlichen Prinzipien, haben dieses Land aufgebaut.  Und es ist sicherlich angemessen, dies an den W\u00e4nden unserer Schulen zum  Ausdruck zu bringen. Und wenn wir in der Schweiz nicht mehr \u00abGr\u00fcess  Gott\u00bb sagen d\u00fcrfen, gibt es nur eine Alternative: Wem dieses \u00abGr\u00fcess  Gott\u00bb nicht gef\u00e4llt, der muss es nicht sagen, aber wen es st\u00f6rt, dass  Schweizer untereinander \u00abGr\u00fcess Gott\u00bb sagen, der hat das Recht, die  Schweiz zu verlassen und sich in einem anderen Land niederzulassen. Wenn  Gott euch beleidigt, dann schlage ich euch vor, einen anderen Teil  dieser Welt als eure neue Heimat zu betrachten, denn Gott ist Teil  unserer Kultur. Wir werden eure Glaubensrichtungen akzeptieren und  werden sie nicht in Frage stellen. Alles was wir verlangen ist, dass ihr  unseren Glauben akzeptiert und in Harmonie, Friede und Freude mit uns  lebt. Dies ist unsere Nation, unser Land und unser Lebensstil, und wir  r\u00e4umen euch jede M\u00f6glichkeit ein, all diese Errungenschaften mit uns zu  geniessen und zu teilen.<\/p>\n<p><strong><strong><strong>Akzeptiert das Land, oder verlasst es!<br \/>\n<\/strong><\/strong><\/strong>Aber  wenn ihr euch st\u00e4ndig beschwert, Mitleid sucht, unsere Fahnen  verbrennt, unseren Glauben verurteilt, unsere christlichen Werte  missachtet, unseren Lebensstil verurteilt, dann ermutige ich euch, einen  weiteren Vorteil unserer grossartigen schweizerischen Demokratie und  Gesellschaft zu nutzen: Dem Recht, das Land zu verlassen! Wenn ihr hier  nicht gl\u00fccklich seid, dann geht! Wir haben euch nicht gezwungen hierher  zu kommen. Ihr habt gebeten, hier sein zu d\u00fcrfen.<\/p>\n<p><strong><strong>Also akzeptiert das Land, das euch akzeptiert hat. Akzeptiert es, oder verlasst das Land.<\/strong><\/strong><\/p>\n<p><em>Hermann Lei<\/em><\/p>\n","protected":false},"excerpt":{"rendered":"<div style=\"padding-bottom:20px; padding-top:10px;\" class=\"hupso-share-buttons\"><!-- Hupso Share Buttons - https:\/\/www.hupso.com\/share\/ --><a class=\"hupso_toolbar\" href=\"https:\/\/www.hupso.com\/share\/\"><img src=\"https:\/\/static.hupso.com\/share\/buttons\/lang\/de\/share-small.png\" style=\"border:0px; padding-top: 5px; float:left;\" alt=\"Share Button\"\/><\/a><script type=\"text\/javascript\">var hupso_services_t=new Array(\"Twitter\",\"Facebook\",\"Google Plus\",\"Pinterest\",\"Linkedin\",\"Digg\",\"Bebo\",\"Delicious\",\"Print\");var hupso_background_t=\"#EAF4FF\";var hupso_border_t=\"#66CCFF\";var hupso_toolbar_size_t=\"small\";var hupso_image_folder_url = \"\";var hupso_url_t=\"\";var hupso_title_t=\"Wenn%20ihr%20hier%20nicht%20gl%C3%BCcklich%20seid%2C%20dann%20geht%21\";<\/script><script type=\"text\/javascript\" src=\"https:\/\/static.hupso.com\/share\/js\/share_toolbar.js\"><\/script><!-- Hupso Share Buttons --><\/div><p>Einwanderer, nicht Schweizer m\u00fcssen sich anpassen Dies ist eine angepasste und erg\u00e4nzte Version einer Rede, welche der fr\u00fchere australische Premier John Howard anl\u00e4sslich der Rede zum Jahrestag der Bali-Attentate gehalten haben soll, erg\u00e4nzt unter anderem durch eigene Worte sowie Zitate &hellip; <a href=\"https:\/\/hermannlei.ch\/?p=88\">Weiterlesen <span class=\"meta-nav\">&rarr;<\/span><\/a><\/p>\n","protected":false},"author":2,"featured_media":0,"comment_status":"open","ping_status":"open","sticky":false,"template":"","format":"standard","meta":{"footnotes":""},"categories":[],"tags":[],"class_list":["post-88","post","type-post","status-publish","format-standard","hentry"],"_links":{"self":[{"href":"https:\/\/hermannlei.ch\/index.php?rest_route=\/wp\/v2\/posts\/88","targetHints":{"allow":["GET"]}}],"collection":[{"href":"https:\/\/hermannlei.ch\/index.php?rest_route=\/wp\/v2\/posts"}],"about":[{"href":"https:\/\/hermannlei.ch\/index.php?rest_route=\/wp\/v2\/types\/post"}],"author":[{"embeddable":true,"href":"https:\/\/hermannlei.ch\/index.php?rest_route=\/wp\/v2\/users\/2"}],"replies":[{"embeddable":true,"href":"https:\/\/hermannlei.ch\/index.php?rest_route=%2Fwp%2Fv2%2Fcomments&post=88"}],"version-history":[{"count":2,"href":"https:\/\/hermannlei.ch\/index.php?rest_route=\/wp\/v2\/posts\/88\/revisions"}],"predecessor-version":[{"id":90,"href":"https:\/\/hermannlei.ch\/index.php?rest_route=\/wp\/v2\/posts\/88\/revisions\/90"}],"wp:attachment":[{"href":"https:\/\/hermannlei.ch\/index.php?rest_route=%2Fwp%2Fv2%2Fmedia&parent=88"}],"wp:term":[{"taxonomy":"category","embeddable":true,"href":"https:\/\/hermannlei.ch\/index.php?rest_route=%2Fwp%2Fv2%2Fcategories&post=88"},{"taxonomy":"post_tag","embeddable":true,"href":"https:\/\/hermannlei.ch\/index.php?rest_route=%2Fwp%2Fv2%2Ftags&post=88"}],"curies":[{"name":"wp","href":"https:\/\/api.w.org\/{rel}","templated":true}]}}