{"id":97,"date":"2011-03-11T13:40:10","date_gmt":"2011-03-11T13:40:10","guid":{"rendered":"https:\/\/hermannlei.ch\/?p=97"},"modified":"2011-03-11T13:40:10","modified_gmt":"2011-03-11T13:40:10","slug":"fall-ademaj-wie-dumm-sind-wir-eigentlich","status":"publish","type":"post","link":"https:\/\/hermannlei.ch\/?p=97","title":{"rendered":"Fall Ademaj: Wie dumm sind wir eigentlich?"},"content":{"rendered":"<div style=\"padding-bottom:20px; padding-top:10px;\" class=\"hupso-share-buttons\"><!-- Hupso Share Buttons - https:\/\/www.hupso.com\/share\/ --><a class=\"hupso_toolbar\" href=\"https:\/\/www.hupso.com\/share\/\"><img decoding=\"async\" src=\"https:\/\/static.hupso.com\/share\/buttons\/lang\/de\/share-small.png\" style=\"border:0px; padding-top: 5px; float:left;\" alt=\"Share Button\"\/><\/a><script type=\"text\/javascript\">var hupso_services_t=new Array(\"Twitter\",\"Facebook\",\"Google Plus\",\"Pinterest\",\"Linkedin\",\"Digg\",\"Bebo\",\"Delicious\",\"Print\");var hupso_background_t=\"#EAF4FF\";var hupso_border_t=\"#66CCFF\";var hupso_toolbar_size_t=\"small\";var hupso_image_folder_url = \"\";var hupso_url_t=\"\";var hupso_title_t=\"Fall%20Ademaj%3A%20Wie%20dumm%20sind%20wir%20eigentlich%3F\";<\/script><script type=\"text\/javascript\" src=\"https:\/\/static.hupso.com\/share\/js\/share_toolbar.js\"><\/script><!-- Hupso Share Buttons --><\/div><p>Nachdem IV-Rentner und M\u00fcllmann Murtez Ademaj die Bev\u00f6lkerung von B\u00fcrglen monatelang narrte, meldet er sich jetzt per E-Mail. Dabei stellt sich heraus, dass die Allgemeinheit nicht nur f\u00fcr die IV (samt Kinderrenten) sowie f\u00fcr die R\u00e4umung seiner Wohnung und die damit verbundenen Sicherheitskosten sowie f\u00fcr den Aufenthalt auf der Seeseite von M\u00fcnsterlingen aufkommen muss. Neuerdings wird sogar klar, dass der Kanton Thurgau \u2013 genauer das Amt f\u00fcr Mittel- und Hochschulen &#8211; seiner Tochter noch ein Stipendium im Umfang von 8000.- sowie 11000 Fr. Darlehen gew\u00e4hrte, damit diese eine Privatschule in Winterthur besuchen kann. Wie bl\u00f6d sind wir Thurgauer eigentlich \u2013 die Steuergelder mit Herrn Ademaj zu verwenden? Zu Recht hat es jeder rechtschaffene B\u00fcrger satt, mitanzusehen, dass ein Querulant mit Staatskosten so massiv gef\u00f6rdert wird. Wenn es nicht m\u00f6glich sein sollte, diesen Mann auszuschaffen \u2013 dann muss das Gesetz ge\u00e4ndert werden.<\/p>\n","protected":false},"excerpt":{"rendered":"<div style=\"padding-bottom:20px; padding-top:10px;\" class=\"hupso-share-buttons\"><!-- Hupso Share Buttons - https:\/\/www.hupso.com\/share\/ --><a class=\"hupso_toolbar\" href=\"https:\/\/www.hupso.com\/share\/\"><img src=\"https:\/\/static.hupso.com\/share\/buttons\/lang\/de\/share-small.png\" style=\"border:0px; padding-top: 5px; float:left;\" alt=\"Share Button\"\/><\/a><script type=\"text\/javascript\">var hupso_services_t=new Array(\"Twitter\",\"Facebook\",\"Google Plus\",\"Pinterest\",\"Linkedin\",\"Digg\",\"Bebo\",\"Delicious\",\"Print\");var hupso_background_t=\"#EAF4FF\";var hupso_border_t=\"#66CCFF\";var hupso_toolbar_size_t=\"small\";var hupso_image_folder_url = \"\";var hupso_url_t=\"\";var hupso_title_t=\"Fall%20Ademaj%3A%20Wie%20dumm%20sind%20wir%20eigentlich%3F\";<\/script><script type=\"text\/javascript\" src=\"https:\/\/static.hupso.com\/share\/js\/share_toolbar.js\"><\/script><!-- Hupso Share Buttons --><\/div><p>Nachdem IV-Rentner und M\u00fcllmann Murtez Ademaj die Bev\u00f6lkerung von B\u00fcrglen monatelang narrte, meldet er sich jetzt per E-Mail. Dabei stellt sich heraus, dass die Allgemeinheit nicht nur f\u00fcr die IV (samt Kinderrenten) sowie f\u00fcr die R\u00e4umung seiner Wohnung und die &hellip; <a href=\"https:\/\/hermannlei.ch\/?p=97\">Weiterlesen <span class=\"meta-nav\">&rarr;<\/span><\/a><\/p>\n","protected":false},"author":2,"featured_media":0,"comment_status":"open","ping_status":"open","sticky":false,"template":"","format":"standard","meta":{"footnotes":""},"categories":[],"tags":[],"class_list":["post-97","post","type-post","status-publish","format-standard","hentry"],"_links":{"self":[{"href":"https:\/\/hermannlei.ch\/index.php?rest_route=\/wp\/v2\/posts\/97","targetHints":{"allow":["GET"]}}],"collection":[{"href":"https:\/\/hermannlei.ch\/index.php?rest_route=\/wp\/v2\/posts"}],"about":[{"href":"https:\/\/hermannlei.ch\/index.php?rest_route=\/wp\/v2\/types\/post"}],"author":[{"embeddable":true,"href":"https:\/\/hermannlei.ch\/index.php?rest_route=\/wp\/v2\/users\/2"}],"replies":[{"embeddable":true,"href":"https:\/\/hermannlei.ch\/index.php?rest_route=%2Fwp%2Fv2%2Fcomments&post=97"}],"version-history":[{"count":1,"href":"https:\/\/hermannlei.ch\/index.php?rest_route=\/wp\/v2\/posts\/97\/revisions"}],"predecessor-version":[{"id":98,"href":"https:\/\/hermannlei.ch\/index.php?rest_route=\/wp\/v2\/posts\/97\/revisions\/98"}],"wp:attachment":[{"href":"https:\/\/hermannlei.ch\/index.php?rest_route=%2Fwp%2Fv2%2Fmedia&parent=97"}],"wp:term":[{"taxonomy":"category","embeddable":true,"href":"https:\/\/hermannlei.ch\/index.php?rest_route=%2Fwp%2Fv2%2Fcategories&post=97"},{"taxonomy":"post_tag","embeddable":true,"href":"https:\/\/hermannlei.ch\/index.php?rest_route=%2Fwp%2Fv2%2Ftags&post=97"}],"curies":[{"name":"wp","href":"https:\/\/api.w.org\/{rel}","templated":true}]}}